{"id":4113,"date":"2023-04-02T08:27:00","date_gmt":"2023-04-02T08:27:00","guid":{"rendered":"https:\/\/pilgerherberge-sg.ch\/?p=4113"},"modified":"2025-09-27T17:25:42","modified_gmt":"2025-09-27T17:25:42","slug":"pilgertheater","status":"publish","type":"post","link":"https:\/\/pilgerherberge-sg.ch\/en\/pilgertheater\/","title":{"rendered":"Pilgertheater mit Derni\u00e8re"},"content":{"rendered":"\t\t<div data-elementor-type=\"wp-post\" data-elementor-id=\"4113\" class=\"elementor elementor-4113\" data-elementor-post-type=\"post\">\n\t\t\t\t\t\t<section class=\"elementor-section elementor-top-section elementor-element elementor-element-6971b17a elementor-section-boxed elementor-section-height-default elementor-section-height-default\" data-id=\"6971b17a\" data-element_type=\"section\" data-e-type=\"section\">\n\t\t\t\t\t\t<div class=\"elementor-container elementor-column-gap-default\">\n\t\t\t\t\t<div class=\"elementor-column elementor-col-100 elementor-top-column elementor-element elementor-element-281710c9\" data-id=\"281710c9\" data-element_type=\"column\" data-e-type=\"column\">\n\t\t\t<div class=\"elementor-widget-wrap elementor-element-populated\">\n\t\t\t\t\t\t<div class=\"elementor-element elementor-element-2910c4cb elementor-widget elementor-widget-raven-image\" data-id=\"2910c4cb\" data-element_type=\"widget\" data-e-type=\"widget\" data-widget_type=\"raven-image.default\">\n\t\t\t\t<div class=\"elementor-widget-container\">\n\t\t\t\t\t\t\t<div class=\"raven-image\">\n\t\t\n\t\t\n\t\t<img fetchpriority=\"high\" decoding=\"async\" width=\"686\" height=\"479\" src=\"https:\/\/pilgerherberge-sg.ch\/wp-content\/uploads\/2022\/09\/startbild-pilgertheater-web.jpg\" class=\"attachment-2048x2048 size-2048x2048 wp-image-8406\" alt=\"\" srcset=\"https:\/\/pilgerherberge-sg.ch\/wp-content\/uploads\/2022\/09\/startbild-pilgertheater-web.jpg 686w, https:\/\/pilgerherberge-sg.ch\/wp-content\/uploads\/2022\/09\/startbild-pilgertheater-web-300x209.jpg 300w, https:\/\/pilgerherberge-sg.ch\/wp-content\/uploads\/2022\/09\/startbild-pilgertheater-web-200x140.jpg 200w, https:\/\/pilgerherberge-sg.ch\/wp-content\/uploads\/2022\/09\/startbild-pilgertheater-web-400x279.jpg 400w, https:\/\/pilgerherberge-sg.ch\/wp-content\/uploads\/2022\/09\/startbild-pilgertheater-web-600x419.jpg 600w\" sizes=\"(max-width: 686px) 100vw, 686px\" \/>\t\t<\/div>\n\t\t\t\t\t\t<\/div>\n\t\t\t\t<\/div>\n\t\t\t\t\t<\/div>\n\t\t<\/div>\n\t\t\t\t\t<\/div>\n\t\t<\/section>\n\t\t\t\t<section class=\"elementor-section elementor-top-section elementor-element elementor-element-3807e1f8 elementor-section-boxed elementor-section-height-default elementor-section-height-default\" data-id=\"3807e1f8\" data-element_type=\"section\" data-e-type=\"section\">\n\t\t\t\t\t\t<div class=\"elementor-container elementor-column-gap-default\">\n\t\t\t\t\t<div class=\"elementor-column elementor-col-100 elementor-top-column elementor-element elementor-element-4681c797\" data-id=\"4681c797\" data-element_type=\"column\" data-e-type=\"column\">\n\t\t\t<div class=\"elementor-widget-wrap elementor-element-populated\">\n\t\t\t\t\t\t<div class=\"elementor-element elementor-element-40bd4123 elementor-widget elementor-widget-spacer\" data-id=\"40bd4123\" data-element_type=\"widget\" data-e-type=\"widget\" data-widget_type=\"spacer.default\">\n\t\t\t\t<div class=\"elementor-widget-container\">\n\t\t\t\t\t\t\t<div class=\"elementor-spacer\">\n\t\t\t<div class=\"elementor-spacer-inner\"><\/div>\n\t\t<\/div>\n\t\t\t\t\t\t<\/div>\n\t\t\t\t<\/div>\n\t\t\t\t<div class=\"elementor-element elementor-element-56f4fad5 elementor-align-left elementor-widget elementor-widget-post-info\" data-id=\"56f4fad5\" data-element_type=\"widget\" data-e-type=\"widget\" data-widget_type=\"post-info.default\">\n\t\t\t\t<div class=\"elementor-widget-container\">\n\t\t\t\t\t\t\t<ul class=\"elementor-inline-items elementor-icon-list-items elementor-post-info\">\n\t\t\t\t\t\t\t\t<li class=\"elementor-icon-list-item elementor-repeater-item-ad5ffd6 elementor-inline-item\" itemprop=\"datePublished\">\n\t\t\t\t\t\t\t\t\t\t\t\t\t<span class=\"elementor-icon-list-text elementor-post-info__item elementor-post-info__item--type-date\">\n\t\t\t\t\t\t\t\t\t\t<time>02\/04\/2023<\/time>\t\t\t\t\t<\/span>\n\t\t\t\t\t\t\t\t<\/li>\n\t\t\t\t<li class=\"elementor-icon-list-item elementor-repeater-item-baf19fd elementor-inline-item\" itemprop=\"author\">\n\t\t\t\t\t\t\t\t\t\t\t\t\t<span class=\"elementor-icon-list-text elementor-post-info__item elementor-post-info__item--type-author\">\n\t\t\t\t\t\t\t\t\t\tJosef\t\t\t\t\t<\/span>\n\t\t\t\t\t\t\t\t<\/li>\n\t\t\t\t<\/ul>\n\t\t\t\t\t\t<\/div>\n\t\t\t\t<\/div>\n\t\t\t\t<div class=\"elementor-element elementor-element-5976ee9 elementor-widget elementor-widget-heading\" data-id=\"5976ee9\" data-element_type=\"widget\" data-e-type=\"widget\" data-widget_type=\"heading.default\">\n\t\t\t\t<div class=\"elementor-widget-container\">\n\t\t\t\t\t<h2 class=\"elementor-heading-title elementor-size-default\">#JAKOBSWEG <br>\nEIN PILGERST\u00dcCK<\/h2>\t\t\t\t<\/div>\n\t\t\t\t<\/div>\n\t\t\t\t<div class=\"elementor-element elementor-element-262f5752 elementor-widget elementor-widget-spacer\" data-id=\"262f5752\" data-element_type=\"widget\" data-e-type=\"widget\" data-widget_type=\"spacer.default\">\n\t\t\t\t<div class=\"elementor-widget-container\">\n\t\t\t\t\t\t\t<div class=\"elementor-spacer\">\n\t\t\t<div class=\"elementor-spacer-inner\"><\/div>\n\t\t<\/div>\n\t\t\t\t\t\t<\/div>\n\t\t\t\t<\/div>\n\t\t\t\t<div class=\"elementor-element elementor-element-16bce921 elementor-widget elementor-widget-text-editor\" data-id=\"16bce921\" data-element_type=\"widget\" data-e-type=\"widget\" data-widget_type=\"text-editor.default\">\n\t\t\t\t<div class=\"elementor-widget-container\">\n\t\t\t\t\t\t\t\t\t<p>Die Derni\u00e8re fand als 12. Auff\u00fchrung im Schloss Wartegg, Rorschacherberg, im ausverkauften Saal statt. Nochmals spielte die Schauspieltruppe mit viel Freude und Elan die verschiedenen Szenen.<\/p>\n<p>Zum Schluss wurden alle Schauspielerinnen und Schauspieler mit einer Jakobsmuschel beschenkt. Die Regisseurin erhielt f\u00fcr ihre grosse Arbeit einen entsprechend grossen und schmucken Blumenstrauss. Zum anschliessenden Ap\u00e9ro Riche waren alle eingeladen.<\/p>\n<p>Die M\u00f6glichkeit zum Beisammensein und Austausch wurde rege benutzt. Damit bedankte sich der Verein Pilgerherberge Sankt Gallen f\u00fcr die lange Reihe der Auff\u00fchrungen.<\/p>\n<p>Anschliessend wurden einige Requisiten direkt verteilt oder wieder nach Hause genommen. Die weisse Bank, die zuerst als Sofa diente, wird nach den Osterferien auf der Terrasse der Pilgerherberge Sankt Gallen zu finden sein.<\/p>\n<p><strong><a href=\"https:\/\/www.pilgertheater.ch\/\" target=\"_blank\" rel=\"noreferrer noopener\">Webseite<\/a> <\/strong><\/p>\n<p><!-- \/wp:heading --><!-- wp:heading {\"level\":3} --><\/p>\t\t\t\t\t\t\t\t<\/div>\n\t\t\t\t<\/div>\n\t\t\t\t<div class=\"elementor-element elementor-element-212bc1aa elementor-widget elementor-widget-spacer\" data-id=\"212bc1aa\" data-element_type=\"widget\" data-e-type=\"widget\" data-widget_type=\"spacer.default\">\n\t\t\t\t<div class=\"elementor-widget-container\">\n\t\t\t\t\t\t\t<div class=\"elementor-spacer\">\n\t\t\t<div class=\"elementor-spacer-inner\"><\/div>\n\t\t<\/div>\n\t\t\t\t\t\t<\/div>\n\t\t\t\t<\/div>\n\t\t\t\t<div class=\"elementor-element elementor-element-55d85b7e elementor-align-left elementor-widget elementor-widget-button\" data-id=\"55d85b7e\" data-element_type=\"widget\" data-e-type=\"widget\" data-widget_type=\"button.default\">\n\t\t\t\t<div class=\"elementor-widget-container\">\n\t\t\t\t\t\t\t\t\t<div class=\"elementor-button-wrapper\">\n\t\t\t\t\t<a class=\"elementor-button elementor-button-link elementor-size-sm\" href=\"https:\/\/www.flickr.com\/photos\/146202632@N04\/sets\/72177720307218886\/\" target=\"_blank\" rel=\"noopener\">\n\t\t\t\t\t\t<span class=\"elementor-button-content-wrapper\">\n\t\t\t\t\t\t\t\t\t<span class=\"elementor-button-text\">weitere Impressionen<\/span>\n\t\t\t\t\t<\/span>\n\t\t\t\t\t<\/a>\n\t\t\t\t<\/div>\n\t\t\t\t\t\t\t\t<\/div>\n\t\t\t\t<\/div>\n\t\t\t\t<div class=\"elementor-element elementor-element-509bd48f elementor-widget elementor-widget-spacer\" data-id=\"509bd48f\" data-element_type=\"widget\" data-e-type=\"widget\" data-widget_type=\"spacer.default\">\n\t\t\t\t<div class=\"elementor-widget-container\">\n\t\t\t\t\t\t\t<div class=\"elementor-spacer\">\n\t\t\t<div class=\"elementor-spacer-inner\"><\/div>\n\t\t<\/div>\n\t\t\t\t\t\t<\/div>\n\t\t\t\t<\/div>\n\t\t\t\t<div class=\"elementor-element elementor-element-72fbd1f elementor-widget elementor-widget-text-editor\" data-id=\"72fbd1f\" data-element_type=\"widget\" data-e-type=\"widget\" data-widget_type=\"text-editor.default\">\n\t\t\t\t<div class=\"elementor-widget-container\">\n\t\t\t\t\t\t\t\t\t<h3 class=\"wp-block-heading\">Medien<\/h3>\n<p><!-- \/wp:heading --><!-- wp:heading {\"level\":4} --><\/p>\n<h4 class=\"wp-block-heading\">30.01.23: <a href=\"https:\/\/www.pilgern.ch\/wp-content\/uploads\/2023\/01\/Aus-dem-Newsletter-Pilgerzentrum-Zuerich.pdf\" target=\"_blank\" rel=\"noreferrer noopener\">Kommentar im Newsletter vom Pilgerzentrum Z\u00fcrich<\/a><\/h4>\n<p><!-- \/wp:heading --><!-- wp:heading {\"level\":4} --><\/p>\n<h4 class=\"wp-block-heading\">17.11.22: <a href=\"https:\/\/www.kath.ch\/newsd\/ein-fliehender-heiliger\/\" target=\"_blank\" rel=\"noreferrer noopener\">Artikel in kath.ch<\/a> &#8211; Theater um einen fliehenden Heiligen<\/h4>\n<p><!-- \/wp:heading --><!-- wp:heading {\"level\":4} --><\/p>\n<h4 class=\"wp-block-heading\">14.11.22:\u00a0<a href=\"https:\/\/www.pfarreiforum.ch\/pilgertheater-stgallen\/\" target=\"_blank\" rel=\"noreferrer noopener\">Artikel im Pfarreiforum Bistum St. Gallen<\/a>\u00a0\u2013 Ein Frustrierter bricht auf<\/h4>\n<p><!-- \/wp:heading --><!-- wp:heading {\"level\":3} --><\/p>\n<h3 class=\"wp-block-heading\"><strong>Inhalt<\/strong><\/h3>\n<p><!-- \/wp:heading --><!-- wp:image {\"align\":\"right\",\"id\":4484,\"width\":384,\"height\":512,\"sizeSlug\":\"large\",\"linkDestination\":\"none\"} --><\/p>\n<figure class=\"wp-block-image alignright size-large is-resized\"><img decoding=\"async\" class=\"wp-image-4484\" src=\"https:\/\/pilgerherberge-sg.ch\/wp-content\/uploads\/2022\/09\/jakobsbrunnen_rorschach_weiss-web-768x1024.jpg\" alt=\"\" width=\"384\" height=\"512\" srcset=\"https:\/\/pilgerherberge-sg.ch\/wp-content\/uploads\/2022\/09\/jakobsbrunnen_rorschach_weiss-web-768x1024.jpg 768w, https:\/\/pilgerherberge-sg.ch\/wp-content\/uploads\/2022\/09\/jakobsbrunnen_rorschach_weiss-web-225x300.jpg 225w, https:\/\/pilgerherberge-sg.ch\/wp-content\/uploads\/2022\/09\/jakobsbrunnen_rorschach_weiss-web-200x267.jpg 200w, https:\/\/pilgerherberge-sg.ch\/wp-content\/uploads\/2022\/09\/jakobsbrunnen_rorschach_weiss-web-400x533.jpg 400w, https:\/\/pilgerherberge-sg.ch\/wp-content\/uploads\/2022\/09\/jakobsbrunnen_rorschach_weiss-web-600x800.jpg 600w, https:\/\/pilgerherberge-sg.ch\/wp-content\/uploads\/2022\/09\/jakobsbrunnen_rorschach_weiss-web-800x1066.jpg 800w, https:\/\/pilgerherberge-sg.ch\/wp-content\/uploads\/2022\/09\/jakobsbrunnen_rorschach_weiss-web.jpg 916w\" sizes=\"(max-width: 384px) 100vw, 384px\" \/>\n<figcaption class=\"wp-element-caption\">Jakobsbrunnen Rorschach ohne Jakobus<\/figcaption>\n<\/figure>\n<p><!-- \/wp:image --><!-- wp:paragraph --><\/p>\n<p>Jakobsgl\u00f6cknerin Priscilla versteht die Welt nicht mehr: Beim L\u00e4uten der Glocke am Jakobsbrunnen\u00a0 in Rorschach bemerkt sie, dass die Statue des hl. Jakob fehlt. Das geht gar nicht, findet auch ihre Bekannte Fiducia, eine fromme \u00e4ltere Dame. Sie benachrichtigt sofort die Presse: ihr Neffe Ambros ist ein etwas frustrierter Journalist der alten Schule. \u00abJakob ist weg\u00bb \u2013 mit dieser Story hofft er, bei seiner jungen Chefin Eindruck zu machen. Leider geht dieser Plan ziemlich schief. Er macht sich auf den Jakobsweg und die Ereignisse \u00fcberst\u00fcrzen sich.<\/p>\n<p><!-- \/wp:paragraph --><!-- wp:heading {\"level\":3} --><\/p>\n<h3 class=\"wp-block-heading\"><strong>Entstehung<\/strong><\/h3>\n<p><!-- \/wp:heading --><!-- wp:paragraph --><\/p>\n<p>Das Pilgertheater \u00ab#JAKOB S WEG \u2013 EIN PILGERST\u00dcCK\u00bb wurde in Zusammenarbeit mit Pilger:innen und Nicht-Pilgernden entwickelt. An 5 theatralen Forschungstreffen mit Theater- oder Jakobsweg-Interessierten wurden Erfahrungen ausgetauscht, Theaterideen beschrieben, Meinungen platziert, Literatur herumgereicht und Pilger-Gangarten ausprobiert. Danach wurde das St\u00fcck geschrieben \u2013 unter anderem im malerischen franz\u00f6sischen Jakobsweg-St\u00e4dtchen V\u00e9zelay. Im Laien-Ensemble spielen sieben ambitionierte Schauspielerinnen und Schauspieler aus dem Umfeld des Schlofftheater Rorschach. Inszeniert wird das St\u00fcck von der Theologin, Schauspielerin und Autorin Beatrice Mock.<\/p>\n<p><!-- \/wp:paragraph --><!-- wp:heading {\"level\":3} --><\/p>\n<h3 class=\"wp-block-heading\"><strong>Auff\u00fchrende<\/strong><\/h3>\n<p><!-- \/wp:heading --><!-- wp:paragraph --><\/p>\n<p>Ensemble: Stephan Bitsch, Csilla Valentyik, Kathrin Wiener, Donn\u00e9e Op Heij, Urs Hasenfratz, Lisa Untersee, Trudi Reitz, Sandra Schaub<br \/>Regie, Texte: Beatrice Mock<br \/>Musik: Thomas Kuster, www.audiowerkstatt.ch<br \/>Regieassistenz: Alina Schoch<br \/>Szenografische Beratung: Helen Prates de Matos \/ Markus Schelling<\/p>\n<p><!-- \/wp:paragraph --><!-- wp:heading {\"level\":3} --><\/p>\n<h3 class=\"wp-block-heading\">aus der Proben-Arbeit zum Pilgertheater<\/h3>\n<p><!-- \/wp:heading --><!-- wp:gallery {\"linkTarget\":\"_blank\",\"linkTo\":\"media\"} --><\/p>\n<figure class=\"wp-block-gallery has-nested-images columns-default is-cropped\"><!-- wp:image {\"id\":4505,\"sizeSlug\":\"large\",\"linkDestination\":\"media\"} -->\n<figure class=\"wp-block-image size-large\"><a href=\"https:\/\/pilgerherberge-sg.ch\/wp-content\/uploads\/2022\/10\/DSC_5043-1250-aufwaermen.jpg\" target=\"_blank\" rel=\"noopener\"><img decoding=\"async\" width=\"1024\" height=\"683\" class=\"wp-image-4505\" src=\"https:\/\/pilgerherberge-sg.ch\/wp-content\/uploads\/2022\/10\/DSC_5043-1250-aufwaermen-1024x683.jpg\" alt=\"Probe Pilgertheater\" srcset=\"https:\/\/pilgerherberge-sg.ch\/wp-content\/uploads\/2022\/10\/DSC_5043-1250-aufwaermen-1024x683.jpg 1024w, https:\/\/pilgerherberge-sg.ch\/wp-content\/uploads\/2022\/10\/DSC_5043-1250-aufwaermen-300x200.jpg 300w, https:\/\/pilgerherberge-sg.ch\/wp-content\/uploads\/2022\/10\/DSC_5043-1250-aufwaermen-200x133.jpg 200w, https:\/\/pilgerherberge-sg.ch\/wp-content\/uploads\/2022\/10\/DSC_5043-1250-aufwaermen-400x267.jpg 400w, https:\/\/pilgerherberge-sg.ch\/wp-content\/uploads\/2022\/10\/DSC_5043-1250-aufwaermen-600x400.jpg 600w, https:\/\/pilgerherberge-sg.ch\/wp-content\/uploads\/2022\/10\/DSC_5043-1250-aufwaermen-800x534.jpg 800w, https:\/\/pilgerherberge-sg.ch\/wp-content\/uploads\/2022\/10\/DSC_5043-1250-aufwaermen-1200x801.jpg 1200w, https:\/\/pilgerherberge-sg.ch\/wp-content\/uploads\/2022\/10\/DSC_5043-1250-aufwaermen-272x182.jpg 272w, https:\/\/pilgerherberge-sg.ch\/wp-content\/uploads\/2022\/10\/DSC_5043-1250-aufwaermen.jpg 1250w\" sizes=\"(max-width: 1024px) 100vw, 1024px\" \/><\/a>\n<figcaption class=\"wp-element-caption\">aufw\u00e4rmen<\/figcaption>\n<\/figure>\n<!-- \/wp:image --><!-- wp:image {\"id\":4506,\"sizeSlug\":\"large\",\"linkDestination\":\"media\"} -->\n<figure class=\"wp-block-image size-large\"><a href=\"https:\/\/pilgerherberge-sg.ch\/wp-content\/uploads\/2022\/10\/DSC_5045-1250-aufwaermen.jpg\" target=\"_blank\" rel=\"noopener\"><img loading=\"lazy\" decoding=\"async\" width=\"1024\" height=\"683\" class=\"wp-image-4506\" src=\"https:\/\/pilgerherberge-sg.ch\/wp-content\/uploads\/2022\/10\/DSC_5045-1250-aufwaermen-1024x683.jpg\" alt=\"Probe Pilgertheater\" srcset=\"https:\/\/pilgerherberge-sg.ch\/wp-content\/uploads\/2022\/10\/DSC_5045-1250-aufwaermen-1024x683.jpg 1024w, https:\/\/pilgerherberge-sg.ch\/wp-content\/uploads\/2022\/10\/DSC_5045-1250-aufwaermen-300x200.jpg 300w, https:\/\/pilgerherberge-sg.ch\/wp-content\/uploads\/2022\/10\/DSC_5045-1250-aufwaermen-200x133.jpg 200w, https:\/\/pilgerherberge-sg.ch\/wp-content\/uploads\/2022\/10\/DSC_5045-1250-aufwaermen-400x267.jpg 400w, https:\/\/pilgerherberge-sg.ch\/wp-content\/uploads\/2022\/10\/DSC_5045-1250-aufwaermen-600x400.jpg 600w, https:\/\/pilgerherberge-sg.ch\/wp-content\/uploads\/2022\/10\/DSC_5045-1250-aufwaermen-800x534.jpg 800w, https:\/\/pilgerherberge-sg.ch\/wp-content\/uploads\/2022\/10\/DSC_5045-1250-aufwaermen-1200x801.jpg 1200w, https:\/\/pilgerherberge-sg.ch\/wp-content\/uploads\/2022\/10\/DSC_5045-1250-aufwaermen-272x182.jpg 272w, https:\/\/pilgerherberge-sg.ch\/wp-content\/uploads\/2022\/10\/DSC_5045-1250-aufwaermen.jpg 1250w\" sizes=\"(max-width: 1024px) 100vw, 1024px\" \/><\/a>\n<figcaption class=\"wp-element-caption\">aufw\u00e4rmen<\/figcaption>\n<\/figure>\n<!-- \/wp:image --><!-- wp:image {\"id\":4507,\"sizeSlug\":\"large\",\"linkDestination\":\"media\"} -->\n<figure class=\"wp-block-image size-large\"><a href=\"https:\/\/pilgerherberge-sg.ch\/wp-content\/uploads\/2022\/10\/DSC_5050-1250-beatrice-mock.jpg\" target=\"_blank\" rel=\"noopener\"><img loading=\"lazy\" decoding=\"async\" width=\"1024\" height=\"683\" class=\"wp-image-4507\" src=\"https:\/\/pilgerherberge-sg.ch\/wp-content\/uploads\/2022\/10\/DSC_5050-1250-beatrice-mock-1024x683.jpg\" alt=\"Probe Pilgertheater\" srcset=\"https:\/\/pilgerherberge-sg.ch\/wp-content\/uploads\/2022\/10\/DSC_5050-1250-beatrice-mock-1024x683.jpg 1024w, https:\/\/pilgerherberge-sg.ch\/wp-content\/uploads\/2022\/10\/DSC_5050-1250-beatrice-mock-300x200.jpg 300w, https:\/\/pilgerherberge-sg.ch\/wp-content\/uploads\/2022\/10\/DSC_5050-1250-beatrice-mock-200x133.jpg 200w, https:\/\/pilgerherberge-sg.ch\/wp-content\/uploads\/2022\/10\/DSC_5050-1250-beatrice-mock-400x267.jpg 400w, https:\/\/pilgerherberge-sg.ch\/wp-content\/uploads\/2022\/10\/DSC_5050-1250-beatrice-mock-600x400.jpg 600w, https:\/\/pilgerherberge-sg.ch\/wp-content\/uploads\/2022\/10\/DSC_5050-1250-beatrice-mock-800x534.jpg 800w, https:\/\/pilgerherberge-sg.ch\/wp-content\/uploads\/2022\/10\/DSC_5050-1250-beatrice-mock-1200x801.jpg 1200w, https:\/\/pilgerherberge-sg.ch\/wp-content\/uploads\/2022\/10\/DSC_5050-1250-beatrice-mock-272x182.jpg 272w, https:\/\/pilgerherberge-sg.ch\/wp-content\/uploads\/2022\/10\/DSC_5050-1250-beatrice-mock.jpg 1250w\" sizes=\"(max-width: 1024px) 100vw, 1024px\" \/><\/a>\n<figcaption class=\"wp-element-caption\">Autorin und Regisseurin Beatrice Mock<\/figcaption>\n<\/figure>\n<!-- \/wp:image --><!-- wp:image {\"id\":4508,\"sizeSlug\":\"large\",\"linkDestination\":\"media\"} -->\n<figure class=\"wp-block-image size-large\"><a href=\"https:\/\/pilgerherberge-sg.ch\/wp-content\/uploads\/2022\/10\/DSC_5060-1250-radpilgerin.jpg\" target=\"_blank\" rel=\"noopener\"><img loading=\"lazy\" decoding=\"async\" width=\"1024\" height=\"683\" class=\"wp-image-4508\" src=\"https:\/\/pilgerherberge-sg.ch\/wp-content\/uploads\/2022\/10\/DSC_5060-1250-radpilgerin-1024x683.jpg\" alt=\"Probe Pilgertheater\" srcset=\"https:\/\/pilgerherberge-sg.ch\/wp-content\/uploads\/2022\/10\/DSC_5060-1250-radpilgerin-1024x683.jpg 1024w, https:\/\/pilgerherberge-sg.ch\/wp-content\/uploads\/2022\/10\/DSC_5060-1250-radpilgerin-300x200.jpg 300w, https:\/\/pilgerherberge-sg.ch\/wp-content\/uploads\/2022\/10\/DSC_5060-1250-radpilgerin-200x133.jpg 200w, https:\/\/pilgerherberge-sg.ch\/wp-content\/uploads\/2022\/10\/DSC_5060-1250-radpilgerin-400x267.jpg 400w, https:\/\/pilgerherberge-sg.ch\/wp-content\/uploads\/2022\/10\/DSC_5060-1250-radpilgerin-600x400.jpg 600w, https:\/\/pilgerherberge-sg.ch\/wp-content\/uploads\/2022\/10\/DSC_5060-1250-radpilgerin-800x534.jpg 800w, https:\/\/pilgerherberge-sg.ch\/wp-content\/uploads\/2022\/10\/DSC_5060-1250-radpilgerin-1200x801.jpg 1200w, https:\/\/pilgerherberge-sg.ch\/wp-content\/uploads\/2022\/10\/DSC_5060-1250-radpilgerin-272x182.jpg 272w, https:\/\/pilgerherberge-sg.ch\/wp-content\/uploads\/2022\/10\/DSC_5060-1250-radpilgerin.jpg 1250w\" sizes=\"(max-width: 1024px) 100vw, 1024px\" \/><\/a>\n<figcaption class=\"wp-element-caption\">Radpilgerin<\/figcaption>\n<\/figure>\n<!-- \/wp:image --><!-- wp:image {\"id\":4509,\"sizeSlug\":\"large\",\"linkDestination\":\"media\"} -->\n<figure class=\"wp-block-image size-large\"><a href=\"https:\/\/pilgerherberge-sg.ch\/wp-content\/uploads\/2022\/10\/DSC_5062-1250-pilgerbegegnung.jpg\" target=\"_blank\" rel=\"noopener\"><img loading=\"lazy\" decoding=\"async\" width=\"1024\" height=\"683\" class=\"wp-image-4509\" src=\"https:\/\/pilgerherberge-sg.ch\/wp-content\/uploads\/2022\/10\/DSC_5062-1250-pilgerbegegnung-1024x683.jpg\" alt=\"Probe Pilgertheater\" srcset=\"https:\/\/pilgerherberge-sg.ch\/wp-content\/uploads\/2022\/10\/DSC_5062-1250-pilgerbegegnung-1024x683.jpg 1024w, https:\/\/pilgerherberge-sg.ch\/wp-content\/uploads\/2022\/10\/DSC_5062-1250-pilgerbegegnung-300x200.jpg 300w, https:\/\/pilgerherberge-sg.ch\/wp-content\/uploads\/2022\/10\/DSC_5062-1250-pilgerbegegnung-200x133.jpg 200w, https:\/\/pilgerherberge-sg.ch\/wp-content\/uploads\/2022\/10\/DSC_5062-1250-pilgerbegegnung-400x267.jpg 400w, https:\/\/pilgerherberge-sg.ch\/wp-content\/uploads\/2022\/10\/DSC_5062-1250-pilgerbegegnung-600x400.jpg 600w, https:\/\/pilgerherberge-sg.ch\/wp-content\/uploads\/2022\/10\/DSC_5062-1250-pilgerbegegnung-800x534.jpg 800w, https:\/\/pilgerherberge-sg.ch\/wp-content\/uploads\/2022\/10\/DSC_5062-1250-pilgerbegegnung-1200x801.jpg 1200w, https:\/\/pilgerherberge-sg.ch\/wp-content\/uploads\/2022\/10\/DSC_5062-1250-pilgerbegegnung-272x182.jpg 272w, https:\/\/pilgerherberge-sg.ch\/wp-content\/uploads\/2022\/10\/DSC_5062-1250-pilgerbegegnung.jpg 1250w\" sizes=\"(max-width: 1024px) 100vw, 1024px\" \/><\/a>\n<figcaption class=\"wp-element-caption\">Pilgerbegegnung<\/figcaption>\n<\/figure>\n<!-- \/wp:image --><!-- wp:image {\"id\":4510,\"sizeSlug\":\"large\",\"linkDestination\":\"media\"} -->\n<figure class=\"wp-block-image size-large\"><a href=\"https:\/\/pilgerherberge-sg.ch\/wp-content\/uploads\/2022\/10\/DSC_5077-1250-Beatrice-Mock.jpg\" target=\"_blank\" rel=\"noopener\"><img loading=\"lazy\" decoding=\"async\" width=\"1024\" height=\"683\" class=\"wp-image-4510\" src=\"https:\/\/pilgerherberge-sg.ch\/wp-content\/uploads\/2022\/10\/DSC_5077-1250-Beatrice-Mock-1024x683.jpg\" alt=\"Probe Pilgertheater\" srcset=\"https:\/\/pilgerherberge-sg.ch\/wp-content\/uploads\/2022\/10\/DSC_5077-1250-Beatrice-Mock-1024x683.jpg 1024w, https:\/\/pilgerherberge-sg.ch\/wp-content\/uploads\/2022\/10\/DSC_5077-1250-Beatrice-Mock-300x200.jpg 300w, https:\/\/pilgerherberge-sg.ch\/wp-content\/uploads\/2022\/10\/DSC_5077-1250-Beatrice-Mock-200x133.jpg 200w, https:\/\/pilgerherberge-sg.ch\/wp-content\/uploads\/2022\/10\/DSC_5077-1250-Beatrice-Mock-400x267.jpg 400w, https:\/\/pilgerherberge-sg.ch\/wp-content\/uploads\/2022\/10\/DSC_5077-1250-Beatrice-Mock-600x400.jpg 600w, https:\/\/pilgerherberge-sg.ch\/wp-content\/uploads\/2022\/10\/DSC_5077-1250-Beatrice-Mock-800x534.jpg 800w, https:\/\/pilgerherberge-sg.ch\/wp-content\/uploads\/2022\/10\/DSC_5077-1250-Beatrice-Mock-1200x801.jpg 1200w, https:\/\/pilgerherberge-sg.ch\/wp-content\/uploads\/2022\/10\/DSC_5077-1250-Beatrice-Mock-272x182.jpg 272w, https:\/\/pilgerherberge-sg.ch\/wp-content\/uploads\/2022\/10\/DSC_5077-1250-Beatrice-Mock.jpg 1250w\" sizes=\"(max-width: 1024px) 100vw, 1024px\" \/><\/a>\n<figcaption class=\"wp-element-caption\">Regiearbeit<\/figcaption>\n<\/figure>\n<!-- \/wp:image --><\/figure>\n<p><!-- \/wp:gallery --><!-- wp:heading {\"level\":3} --><\/p>\n<h3 class=\"wp-block-heading\">Trailer zum Pilgertheater<\/h3>\n<p><!-- \/wp:heading --><!-- wp:embed {\"url\":\"https:\/\/www.youtube.com\/watch?v=KwEXidIr08s\",\"type\":\"video\",\"providerNameSlug\":\"youtube\",\"responsive\":true,\"className\":\"wp-embed-aspect-16-9 wp-has-aspect-ratio\"} --><\/p>\n<figure class=\"wp-block-embed is-type-video is-provider-youtube wp-block-embed-youtube wp-embed-aspect-16-9 wp-has-aspect-ratio\">\n<div class=\"wp-block-embed__wrapper\"><a href=\"https:\/\/www.youtube.com\/watch?v=KwEXidIr08s\" target=\"_blank\" rel=\"noopener\">https:\/\/www.youtube.com\/watch?v=KwEXidIr08s<\/a><\/div>\n<\/figure>\n<p><!-- \/wp:embed --><!-- wp:heading {\"level\":3} --><\/p>\n<h3 class=\"wp-block-heading\"><strong>Wir danken f\u00fcr die Unterst\u00fctzung folgenden Sponsoren!<\/strong><\/h3>\n<p><!-- \/wp:heading --><!-- wp:media-text {\"mediaId\":4639,\"mediaType\":\"image\",\"mediaWidth\":20} --><\/p>\n<div class=\"wp-block-media-text alignwide is-stacked-on-mobile\">\n<figure class=\"wp-block-media-text__media\"><img loading=\"lazy\" decoding=\"async\" width=\"1024\" height=\"724\" class=\"wp-image-4639 size-full\" src=\"https:\/\/pilgerherberge-sg.ch\/wp-content\/uploads\/2022\/12\/Straubenzell_Fonds_Logo_RGB_farbig-1280x905-1-1024x724.png\" alt=\"\" srcset=\"https:\/\/pilgerherberge-sg.ch\/wp-content\/uploads\/2022\/12\/Straubenzell_Fonds_Logo_RGB_farbig-1280x905-1-1024x724.png 1024w, https:\/\/pilgerherberge-sg.ch\/wp-content\/uploads\/2022\/12\/Straubenzell_Fonds_Logo_RGB_farbig-1280x905-1-300x212.png 300w, https:\/\/pilgerherberge-sg.ch\/wp-content\/uploads\/2022\/12\/Straubenzell_Fonds_Logo_RGB_farbig-1280x905-1-200x141.png 200w, https:\/\/pilgerherberge-sg.ch\/wp-content\/uploads\/2022\/12\/Straubenzell_Fonds_Logo_RGB_farbig-1280x905-1-400x283.png 400w, https:\/\/pilgerherberge-sg.ch\/wp-content\/uploads\/2022\/12\/Straubenzell_Fonds_Logo_RGB_farbig-1280x905-1-600x424.png 600w, https:\/\/pilgerherberge-sg.ch\/wp-content\/uploads\/2022\/12\/Straubenzell_Fonds_Logo_RGB_farbig-1280x905-1-800x566.png 800w, https:\/\/pilgerherberge-sg.ch\/wp-content\/uploads\/2022\/12\/Straubenzell_Fonds_Logo_RGB_farbig-1280x905-1-1200x848.png 1200w, https:\/\/pilgerherberge-sg.ch\/wp-content\/uploads\/2022\/12\/Straubenzell_Fonds_Logo_RGB_farbig-1280x905-1.png 1280w\" sizes=\"(max-width: 1024px) 100vw, 1024px\" \/><\/figure>\n<div class=\"wp-block-media-text__content\"><!-- wp:paragraph {\"placeholder\":\"Inhalt\u2026\"} -->\n<p>Straubenzeller-Fonds der Ortsb\u00fcrgergemeinde St. Gallen<br \/><a href=\"https:\/\/www.ortsbuerger.ch\/foerdertaetigkeit-und-mandate.html\" target=\"_blank\" rel=\"noreferrer noopener\">Webseite<\/a><\/p>\n<!-- \/wp:paragraph --><\/div>\n<\/div>\n<p><!-- \/wp:media-text --><!-- wp:media-text {\"mediaId\":4641,\"mediaLink\":\"https:\/\/pilgerherberge-sg.ch\/pilgertheater\/alpstein-1\/\",\"mediaType\":\"image\",\"mediaWidth\":20} --><\/p>\n<div class=\"wp-block-media-text alignwide is-stacked-on-mobile\">\n<figure class=\"wp-block-media-text__media\"><img loading=\"lazy\" decoding=\"async\" width=\"1024\" height=\"498\" class=\"wp-image-4641 size-full\" src=\"https:\/\/pilgerherberge-sg.ch\/wp-content\/uploads\/2022\/12\/Alpstein-1-1024x498.webp\" alt=\"\" srcset=\"https:\/\/pilgerherberge-sg.ch\/wp-content\/uploads\/2022\/12\/Alpstein-1-1024x498.webp 1024w, https:\/\/pilgerherberge-sg.ch\/wp-content\/uploads\/2022\/12\/Alpstein-1-300x146.webp 300w, https:\/\/pilgerherberge-sg.ch\/wp-content\/uploads\/2022\/12\/Alpstein-1-200x97.webp 200w, https:\/\/pilgerherberge-sg.ch\/wp-content\/uploads\/2022\/12\/Alpstein-1-400x195.webp 400w, https:\/\/pilgerherberge-sg.ch\/wp-content\/uploads\/2022\/12\/Alpstein-1-600x292.webp 600w, https:\/\/pilgerherberge-sg.ch\/wp-content\/uploads\/2022\/12\/Alpstein-1-800x389.webp 800w, https:\/\/pilgerherberge-sg.ch\/wp-content\/uploads\/2022\/12\/Alpstein-1.webp 1100w\" sizes=\"(max-width: 1024px) 100vw, 1024px\" \/><\/figure>\n<div class=\"wp-block-media-text__content\"><!-- wp:paragraph {\"placeholder\":\"Inhalt\u2026\"} -->\n<p>Alpstein-Stiftung<\/p>\n<!-- \/wp:paragraph --><\/div>\n<\/div>\n<p><!-- \/wp:media-text --><!-- wp:media-text {\"mediaId\":4642,\"mediaLink\":\"https:\/\/pilgerherberge-sg.ch\/pilgertheater\/les-amis-du-chemin-de-saint-jacques-suisse-logo\/\",\"mediaType\":\"image\",\"mediaWidth\":20} --><\/p>\n<div class=\"wp-block-media-text alignwide is-stacked-on-mobile\">\n<figure class=\"wp-block-media-text__media\"><img loading=\"lazy\" decoding=\"async\" width=\"527\" height=\"270\" class=\"wp-image-4642 size-full\" src=\"https:\/\/pilgerherberge-sg.ch\/wp-content\/uploads\/2022\/12\/Les-Amis-du-Chemin-de-Saint-Jacques-Suisse-Logo.png\" alt=\"\" srcset=\"https:\/\/pilgerherberge-sg.ch\/wp-content\/uploads\/2022\/12\/Les-Amis-du-Chemin-de-Saint-Jacques-Suisse-Logo.png 527w, https:\/\/pilgerherberge-sg.ch\/wp-content\/uploads\/2022\/12\/Les-Amis-du-Chemin-de-Saint-Jacques-Suisse-Logo-300x154.png 300w, https:\/\/pilgerherberge-sg.ch\/wp-content\/uploads\/2022\/12\/Les-Amis-du-Chemin-de-Saint-Jacques-Suisse-Logo-200x102.png 200w, https:\/\/pilgerherberge-sg.ch\/wp-content\/uploads\/2022\/12\/Les-Amis-du-Chemin-de-Saint-Jacques-Suisse-Logo-400x205.png 400w\" sizes=\"(max-width: 527px) 100vw, 527px\" \/><\/figure>\n<div class=\"wp-block-media-text__content\"><!-- wp:paragraph {\"placeholder\":\"Inhalt\u2026\"} -->\n<p>Schweizerische Vereinigung der Freunde des Jakobsweges<br \/><a href=\"https:\/\/viajacobi4.ch\/de\/\" target=\"_blank\" rel=\"noreferrer noopener\">viajacobi4.ch<\/a><\/p>\n<!-- \/wp:paragraph --><\/div>\n<\/div>\n<p><!-- \/wp:media-text --><!-- wp:media-text {\"mediaId\":4673,\"mediaLink\":\"https:\/\/pilgerherberge-sg.ch\/pilgertheater\/logo_kkt_ohnezusatz\/\",\"mediaType\":\"image\",\"mediaWidth\":20} --><\/p>\n<div class=\"wp-block-media-text alignwide is-stacked-on-mobile\">\n<figure class=\"wp-block-media-text__media\"><img loading=\"lazy\" decoding=\"async\" width=\"700\" height=\"774\" class=\"wp-image-4673 size-full\" src=\"https:\/\/pilgerherberge-sg.ch\/wp-content\/uploads\/2023\/01\/Logo_KKT_ohnezusatz.png\" alt=\"\" srcset=\"https:\/\/pilgerherberge-sg.ch\/wp-content\/uploads\/2023\/01\/Logo_KKT_ohnezusatz.png 700w, https:\/\/pilgerherberge-sg.ch\/wp-content\/uploads\/2023\/01\/Logo_KKT_ohnezusatz-271x300.png 271w, https:\/\/pilgerherberge-sg.ch\/wp-content\/uploads\/2023\/01\/Logo_KKT_ohnezusatz-200x221.png 200w, https:\/\/pilgerherberge-sg.ch\/wp-content\/uploads\/2023\/01\/Logo_KKT_ohnezusatz-400x442.png 400w, https:\/\/pilgerherberge-sg.ch\/wp-content\/uploads\/2023\/01\/Logo_KKT_ohnezusatz-600x663.png 600w\" sizes=\"(max-width: 700px) 100vw, 700px\" \/><\/figure>\n<div class=\"wp-block-media-text__content\"><!-- wp:paragraph {\"placeholder\":\"Inhalt\u2026\"} -->\n<p>Katholischer Konfessionsteil des Kantons St. Gallen<\/p>\n<!-- \/wp:paragraph --><\/div>\n<\/div>\n<p><!-- \/wp:media-text --><!-- wp:media-text {\"mediaId\":4675,\"mediaLink\":\"https:\/\/pilgerherberge-sg.ch\/pilgertheater\/logo_kathkirchestgallen\/\",\"mediaType\":\"image\",\"mediaWidth\":21} --><\/p>\n<div class=\"wp-block-media-text alignwide is-stacked-on-mobile\">\n<figure class=\"wp-block-media-text__media\"><img loading=\"lazy\" decoding=\"async\" width=\"1024\" height=\"455\" class=\"wp-image-4675 size-full\" src=\"https:\/\/pilgerherberge-sg.ch\/wp-content\/uploads\/2023\/01\/Logo_KathKircheStGallen-1024x455.jpg\" alt=\"\" srcset=\"https:\/\/pilgerherberge-sg.ch\/wp-content\/uploads\/2023\/01\/Logo_KathKircheStGallen-1024x455.jpg 1024w, https:\/\/pilgerherberge-sg.ch\/wp-content\/uploads\/2023\/01\/Logo_KathKircheStGallen-300x133.jpg 300w, https:\/\/pilgerherberge-sg.ch\/wp-content\/uploads\/2023\/01\/Logo_KathKircheStGallen-1536x683.jpg 1536w, https:\/\/pilgerherberge-sg.ch\/wp-content\/uploads\/2023\/01\/Logo_KathKircheStGallen-2048x911.jpg 2048w, https:\/\/pilgerherberge-sg.ch\/wp-content\/uploads\/2023\/01\/Logo_KathKircheStGallen-200x89.jpg 200w, https:\/\/pilgerherberge-sg.ch\/wp-content\/uploads\/2023\/01\/Logo_KathKircheStGallen-400x178.jpg 400w, https:\/\/pilgerherberge-sg.ch\/wp-content\/uploads\/2023\/01\/Logo_KathKircheStGallen-600x267.jpg 600w, https:\/\/pilgerherberge-sg.ch\/wp-content\/uploads\/2023\/01\/Logo_KathKircheStGallen-800x356.jpg 800w, https:\/\/pilgerherberge-sg.ch\/wp-content\/uploads\/2023\/01\/Logo_KathKircheStGallen-1200x534.jpg 1200w\" sizes=\"(max-width: 1024px) 100vw, 1024px\" \/><\/figure>\n<div class=\"wp-block-media-text__content\"><!-- wp:paragraph {\"placeholder\":\"Inhalt\u2026\"} -->\n<p>Katholische Kirchgemeinde St. Gallen<\/p>\n<\/div>\n<\/div>\n<p>\u00a0<\/p>\n<p><!-- \/wp:heading --><!-- wp:heading {\"level\":3} --><\/p>\t\t\t\t\t\t\t\t<\/div>\n\t\t\t\t<\/div>\n\t\t\t\t<div class=\"elementor-element elementor-element-2fe5f9ef elementor-widget elementor-widget-spacer\" data-id=\"2fe5f9ef\" data-element_type=\"widget\" data-e-type=\"widget\" data-widget_type=\"spacer.default\">\n\t\t\t\t<div class=\"elementor-widget-container\">\n\t\t\t\t\t\t\t<div class=\"elementor-spacer\">\n\t\t\t<div class=\"elementor-spacer-inner\"><\/div>\n\t\t<\/div>\n\t\t\t\t\t\t<\/div>\n\t\t\t\t<\/div>\n\t\t\t\t\t<\/div>\n\t\t<\/div>\n\t\t\t\t\t<\/div>\n\t\t<\/section>\n\t\t\t\t<section class=\"elementor-section elementor-top-section elementor-element elementor-element-4feadfe6 elementor-section-full_width elementor-section-height-default elementor-section-height-default\" data-id=\"4feadfe6\" data-element_type=\"section\" data-e-type=\"section\">\n\t\t\t\t\t\t<div class=\"elementor-container elementor-column-gap-default\">\n\t\t\t\t\t<div class=\"elementor-column elementor-col-100 elementor-top-column elementor-element elementor-element-1b5cd012\" data-id=\"1b5cd012\" data-element_type=\"column\" data-e-type=\"column\">\n\t\t\t<div class=\"elementor-widget-wrap elementor-element-populated\">\n\t\t\t\t\t\t<div class=\"elementor-element elementor-element-4251519 post-navigation-link-posts-text raven-post-navigation-type-standard elementor-widget elementor-widget-raven-post-navigation\" data-id=\"4251519\" data-element_type=\"widget\" data-e-type=\"widget\" data-widget_type=\"raven-post-navigation.default\">\n\t\t\t\t<div class=\"elementor-widget-container\">\n\t\t\t\t\t\t\t<div class=\"raven-post-navigation\">\n\t\t\t<a href=\"https:\/\/pilgerherberge-sg.ch\/en\/24-maerz-23-pilgergottesdienst\/\" rel=\"prev\"><div class=\"raven-post-navigation-previous-post raven-post-navigation-content-wrapper\"><span class=\"raven-post-navigation-prev-arrow raven-post-navigation-arrow\"><i class=\"fas fa-chevron-left\"><\/i><\/span><div class=\"raven-post-navigation-previous-post-content raven-post-navigation-next-previous-content\"> <div class=\"raven-post-navigation-title-wrapper\"><span class=\"raven-post-navigation-prev-label raven-post-navigation-label\">VORHERIGER BEITRAG<\/span> <\/div><\/div><\/div><\/a>\t\t<div class=\"raven-post-navigation-all-posts-wrapper\">\n\t\t\t<span class=\"raven-post-navigation-all-posts raven-post-navigation-all-posts-text\">\u00dcbersicht<\/span>\t\t<\/div>\n\t\t<a href=\"https:\/\/pilgerherberge-sg.ch\/en\/swiss-camino\/\" rel=\"next\"><div class=\"raven-post-navigation-next-post raven-post-navigation-content-wrapper\"><span class=\"raven-post-navigation-next-arrow raven-post-navigation-arrow\"><i class=\"fas fa-chevron-right\"><\/i><\/span><div class=\"raven-post-navigation-next-post-content raven-post-navigation-next-previous-content\"> <div class=\"raven-post-navigation-title-wrapper\"><span class=\"raven-post-navigation-next-label raven-post-navigation-label\">N\u00c4CHSTER BEITRAG <\/span> <\/div><\/div><\/div><\/a>\t\t<\/div>\n\t\t\t\t\t\t<\/div>\n\t\t\t\t<\/div>\n\t\t\t\t<div class=\"elementor-element elementor-element-4657261b elementor-widget elementor-widget-spacer\" data-id=\"4657261b\" data-element_type=\"widget\" data-e-type=\"widget\" data-widget_type=\"spacer.default\">\n\t\t\t\t<div class=\"elementor-widget-container\">\n\t\t\t\t\t\t\t<div class=\"elementor-spacer\">\n\t\t\t<div class=\"elementor-spacer-inner\"><\/div>\n\t\t<\/div>\n\t\t\t\t\t\t<\/div>\n\t\t\t\t<\/div>\n\t\t\t\t\t<\/div>\n\t\t<\/div>\n\t\t\t\t\t<\/div>\n\t\t<\/section>\n\t\t\t\t<\/div>\n\t\t","protected":false},"excerpt":{"rendered":"<p>Die Derni\u00e8re fand als 12. Auff\u00fchrung im Schloss Wartegg, Rorschacherberg, im ausverkauften Saal statt. Nochmals spielte die Schauspieltruppe mit viel Freude und Elan die verschiedenen Szenen.<\/p>\n","protected":false},"author":1,"featured_media":4494,"comment_status":"closed","ping_status":"closed","sticky":false,"template":"elementor_header_footer","format":"standard","meta":{"_acf_changed":false,"footnotes":""},"categories":[141],"tags":[],"class_list":["post-4113","post","type-post","status-publish","format-standard","has-post-thumbnail","hentry","category-archiv"],"acf":[],"_links":{"self":[{"href":"https:\/\/pilgerherberge-sg.ch\/en\/wp-json\/wp\/v2\/posts\/4113","targetHints":{"allow":["GET"]}}],"collection":[{"href":"https:\/\/pilgerherberge-sg.ch\/en\/wp-json\/wp\/v2\/posts"}],"about":[{"href":"https:\/\/pilgerherberge-sg.ch\/en\/wp-json\/wp\/v2\/types\/post"}],"author":[{"embeddable":true,"href":"https:\/\/pilgerherberge-sg.ch\/en\/wp-json\/wp\/v2\/users\/1"}],"replies":[{"embeddable":true,"href":"https:\/\/pilgerherberge-sg.ch\/en\/wp-json\/wp\/v2\/comments?post=4113"}],"version-history":[{"count":98,"href":"https:\/\/pilgerherberge-sg.ch\/en\/wp-json\/wp\/v2\/posts\/4113\/revisions"}],"predecessor-version":[{"id":6795,"href":"https:\/\/pilgerherberge-sg.ch\/en\/wp-json\/wp\/v2\/posts\/4113\/revisions\/6795"}],"wp:featuredmedia":[{"embeddable":true,"href":"https:\/\/pilgerherberge-sg.ch\/en\/wp-json\/wp\/v2\/media\/4494"}],"wp:attachment":[{"href":"https:\/\/pilgerherberge-sg.ch\/en\/wp-json\/wp\/v2\/media?parent=4113"}],"wp:term":[{"taxonomy":"category","embeddable":true,"href":"https:\/\/pilgerherberge-sg.ch\/en\/wp-json\/wp\/v2\/categories?post=4113"},{"taxonomy":"post_tag","embeddable":true,"href":"https:\/\/pilgerherberge-sg.ch\/en\/wp-json\/wp\/v2\/tags?post=4113"}],"curies":[{"name":"wp","href":"https:\/\/api.w.org\/{rel}","templated":true}]}}