{"id":1100,"date":"2016-02-23T15:47:13","date_gmt":"2016-02-23T15:47:13","guid":{"rendered":"https:\/\/pilgerherberge-sg.ch\/?p=1100"},"modified":"2025-09-18T07:12:29","modified_gmt":"2025-09-18T07:12:29","slug":"hv-2016","status":"publish","type":"post","link":"https:\/\/pilgerherberge-sg.ch\/fr\/hv-2016\/","title":{"rendered":"19.02.16 Hauptversammlung 2016"},"content":{"rendered":"\t\t<div data-elementor-type=\"wp-post\" data-elementor-id=\"1100\" class=\"elementor elementor-1100\" data-elementor-post-type=\"post\">\n\t\t\t\t\t\t<section class=\"elementor-section elementor-top-section elementor-element elementor-element-6cfbe69a elementor-section-boxed elementor-section-height-default elementor-section-height-default\" data-id=\"6cfbe69a\" data-element_type=\"section\" data-e-type=\"section\">\n\t\t\t\t\t\t<div class=\"elementor-container elementor-column-gap-default\">\n\t\t\t\t\t<div class=\"elementor-column elementor-col-100 elementor-top-column elementor-element elementor-element-7733de35\" data-id=\"7733de35\" data-element_type=\"column\" data-e-type=\"column\">\n\t\t\t<div class=\"elementor-widget-wrap elementor-element-populated\">\n\t\t\t\t\t\t<div class=\"elementor-element elementor-element-7dbf2001 elementor-widget elementor-widget-raven-image\" data-id=\"7dbf2001\" data-element_type=\"widget\" data-e-type=\"widget\" data-widget_type=\"raven-image.default\">\n\t\t\t\t<div class=\"elementor-widget-container\">\n\t\t\t\t\t\t\t<div class=\"raven-image\">\n\t\t\n\t\t\n\t\t<img fetchpriority=\"high\" decoding=\"async\" width=\"800\" height=\"450\" src=\"https:\/\/pilgerherberge-sg.ch\/wp-content\/uploads\/2016\/02\/DSC_8411-800.jpg\" class=\"attachment-2048x2048 size-2048x2048 wp-image-7373\" alt=\"\" srcset=\"https:\/\/pilgerherberge-sg.ch\/wp-content\/uploads\/2016\/02\/DSC_8411-800.jpg 800w, https:\/\/pilgerherberge-sg.ch\/wp-content\/uploads\/2016\/02\/DSC_8411-800-300x169.jpg 300w\" sizes=\"(max-width: 800px) 100vw, 800px\" \/>\t\t<\/div>\n\t\t\t\t\t\t<\/div>\n\t\t\t\t<\/div>\n\t\t\t\t\t<\/div>\n\t\t<\/div>\n\t\t\t\t\t<\/div>\n\t\t<\/section>\n\t\t\t\t<section class=\"elementor-section elementor-top-section elementor-element elementor-element-4ea1151c elementor-section-boxed elementor-section-height-default elementor-section-height-default\" data-id=\"4ea1151c\" data-element_type=\"section\" data-e-type=\"section\">\n\t\t\t\t\t\t<div class=\"elementor-container elementor-column-gap-default\">\n\t\t\t\t\t<div class=\"elementor-column elementor-col-100 elementor-top-column elementor-element elementor-element-7c34c96f\" data-id=\"7c34c96f\" data-element_type=\"column\" data-e-type=\"column\">\n\t\t\t<div class=\"elementor-widget-wrap elementor-element-populated\">\n\t\t\t\t\t\t<div class=\"elementor-element elementor-element-32d36afe elementor-widget elementor-widget-spacer\" data-id=\"32d36afe\" data-element_type=\"widget\" data-e-type=\"widget\" data-widget_type=\"spacer.default\">\n\t\t\t\t<div class=\"elementor-widget-container\">\n\t\t\t\t\t\t\t<div class=\"elementor-spacer\">\n\t\t\t<div class=\"elementor-spacer-inner\"><\/div>\n\t\t<\/div>\n\t\t\t\t\t\t<\/div>\n\t\t\t\t<\/div>\n\t\t\t\t<div class=\"elementor-element elementor-element-2488e15d elementor-align-left elementor-widget elementor-widget-post-info\" data-id=\"2488e15d\" data-element_type=\"widget\" data-e-type=\"widget\" data-widget_type=\"post-info.default\">\n\t\t\t\t<div class=\"elementor-widget-container\">\n\t\t\t\t\t\t\t<ul class=\"elementor-inline-items elementor-icon-list-items elementor-post-info\">\n\t\t\t\t\t\t\t\t<li class=\"elementor-icon-list-item elementor-repeater-item-ad5ffd6 elementor-inline-item\" itemprop=\"datePublished\">\n\t\t\t\t\t\t\t\t\t\t\t\t\t<span class=\"elementor-icon-list-text elementor-post-info__item elementor-post-info__item--type-date\">\n\t\t\t\t\t\t\t\t\t\t<time>23\/02\/2016<\/time>\t\t\t\t\t<\/span>\n\t\t\t\t\t\t\t\t<\/li>\n\t\t\t\t<li class=\"elementor-icon-list-item elementor-repeater-item-baf19fd elementor-inline-item\" itemprop=\"author\">\n\t\t\t\t\t\t\t\t\t\t\t\t\t<span class=\"elementor-icon-list-text elementor-post-info__item elementor-post-info__item--type-author\">\n\t\t\t\t\t\t\t\t\t\tJosef\t\t\t\t\t<\/span>\n\t\t\t\t\t\t\t\t<\/li>\n\t\t\t\t<\/ul>\n\t\t\t\t\t\t<\/div>\n\t\t\t\t<\/div>\n\t\t\t\t<div class=\"elementor-element elementor-element-4ac53e12 elementor-widget elementor-widget-heading\" data-id=\"4ac53e12\" data-element_type=\"widget\" data-e-type=\"widget\" data-widget_type=\"heading.default\">\n\t\t\t\t<div class=\"elementor-widget-container\">\n\t\t\t\t\t<h2 class=\"elementor-heading-title elementor-size-default\">Hauptversammlung 2016<\/h2>\t\t\t\t<\/div>\n\t\t\t\t<\/div>\n\t\t\t\t<div class=\"elementor-element elementor-element-3c0e62bd elementor-widget elementor-widget-spacer\" data-id=\"3c0e62bd\" data-element_type=\"widget\" data-e-type=\"widget\" data-widget_type=\"spacer.default\">\n\t\t\t\t<div class=\"elementor-widget-container\">\n\t\t\t\t\t\t\t<div class=\"elementor-spacer\">\n\t\t\t<div class=\"elementor-spacer-inner\"><\/div>\n\t\t<\/div>\n\t\t\t\t\t\t<\/div>\n\t\t\t\t<\/div>\n\t\t\t\t<div class=\"elementor-element elementor-element-5492375e elementor-widget elementor-widget-text-editor\" data-id=\"5492375e\" data-element_type=\"widget\" data-e-type=\"widget\" data-widget_type=\"text-editor.default\">\n\t\t\t\t<div class=\"elementor-widget-container\">\n\t\t\t\t\t\t\t\t\t<p>Die 8. Hauptversammlung des Vereins Pilgerherberge Sankt Gallen fand wiederum im Pfarreiheim OASE in St.Gallen-St.Georgen statt. Anschliessend an die Traktanden berichteten Christine und Heiner Schawalder von ihrer Pilgerreise auf der Via de la Plata mit dem Bike. Beendet wurde der Abend in geselliger Runde bei Pilgerk\u00e4se, Santiago-Br\u00f6tli und Pilgergeb\u00e4ck.<\/p>\t\t\t\t\t\t\t\t<\/div>\n\t\t\t\t<\/div>\n\t\t\t\t<div class=\"elementor-element elementor-element-704d4f5b elementor-widget elementor-widget-spacer\" data-id=\"704d4f5b\" data-element_type=\"widget\" data-e-type=\"widget\" data-widget_type=\"spacer.default\">\n\t\t\t\t<div class=\"elementor-widget-container\">\n\t\t\t\t\t\t\t<div class=\"elementor-spacer\">\n\t\t\t<div class=\"elementor-spacer-inner\"><\/div>\n\t\t<\/div>\n\t\t\t\t\t\t<\/div>\n\t\t\t\t<\/div>\n\t\t\t\t<div class=\"elementor-element elementor-element-224752fe elementor-widget elementor-widget-gallery\" data-id=\"224752fe\" data-element_type=\"widget\" data-e-type=\"widget\" data-settings=\"{&quot;columns&quot;:2,&quot;overlay_title&quot;:&quot;caption&quot;,&quot;lazyload&quot;:&quot;yes&quot;,&quot;gallery_layout&quot;:&quot;grid&quot;,&quot;columns_tablet&quot;:2,&quot;columns_mobile&quot;:1,&quot;gap&quot;:{&quot;unit&quot;:&quot;px&quot;,&quot;size&quot;:10,&quot;sizes&quot;:[]},&quot;gap_tablet_extra&quot;:{&quot;unit&quot;:&quot;px&quot;,&quot;size&quot;:10,&quot;sizes&quot;:[]},&quot;gap_tablet&quot;:{&quot;unit&quot;:&quot;px&quot;,&quot;size&quot;:10,&quot;sizes&quot;:[]},&quot;gap_mobile_extra&quot;:{&quot;unit&quot;:&quot;px&quot;,&quot;size&quot;:10,&quot;sizes&quot;:[]},&quot;gap_mobile&quot;:{&quot;unit&quot;:&quot;px&quot;,&quot;size&quot;:10,&quot;sizes&quot;:[]},&quot;link_to&quot;:&quot;file&quot;,&quot;aspect_ratio&quot;:&quot;3:2&quot;,&quot;overlay_background&quot;:&quot;yes&quot;,&quot;content_hover_animation&quot;:&quot;fade-in&quot;}\" data-widget_type=\"gallery.default\">\n\t\t\t\t<div class=\"elementor-widget-container\">\n\t\t\t\t\t\t\t<div class=\"elementor-gallery__container\">\n\t\t\t\t\t\t\t<a class=\"e-gallery-item elementor-gallery-item elementor-animated-content\" href=\"https:\/\/pilgerherberge-sg.ch\/wp-content\/uploads\/2016\/02\/DSC_8417-800.jpg\" data-elementor-open-lightbox=\"yes\" data-elementor-lightbox-slideshow=\"224752fe\" data-elementor-lightbox-title=\"Santiagobr\u00f6tli\" data-e-action-hash=\"#elementor-action%3Aaction%3Dlightbox%26settings%3DeyJpZCI6MTA5NywidXJsIjoiaHR0cHM6XC9cL3BpbGdlcmhlcmJlcmdlLXNnLmNoXC93cC1jb250ZW50XC91cGxvYWRzXC8yMDE2XC8wMlwvRFNDXzg0MTctODAwLmpwZyIsInNsaWRlc2hvdyI6IjIyNDc1MmZlIn0%3D\">\n\t\t\t\t\t<div class=\"e-gallery-image elementor-gallery-item__image\" data-thumbnail=\"https:\/\/pilgerherberge-sg.ch\/wp-content\/uploads\/2016\/02\/DSC_8417-800.jpg\" data-width=\"800\" data-height=\"450\" aria-label=\"Santiagobr\u00f6tli\" role=\"img\" ><\/div>\n\t\t\t\t\t\t\t\t\t\t\t<div class=\"elementor-gallery-item__overlay\"><\/div>\n\t\t\t\t\t\t\t\t\t\t\t\t\t\t\t<div class=\"elementor-gallery-item__content\">\n\t\t\t\t\t\t\t\t\t\t\t\t\t\t<div class=\"elementor-gallery-item__title\">\n\t\t\t\t\t\t\t\t\t\t\t\t\t\t\t\t\t\tSantiago-Br\u00f6tli von der B\u00e4ckerei Cappelli\t\t\t\t\t\t\t\t<\/div>\n\t\t\t\t\t\t\t\t\t\t\t\t<\/div>\n\t\t\t\t\t\t\t\t\t<\/a>\n\t\t\t\t\t\t\t<a class=\"e-gallery-item elementor-gallery-item elementor-animated-content\" href=\"https:\/\/pilgerherberge-sg.ch\/wp-content\/uploads\/2016\/02\/DSC_8416-800.jpg\" data-elementor-open-lightbox=\"yes\" data-elementor-lightbox-slideshow=\"224752fe\" data-elementor-lightbox-title=\"Dekoration\" data-e-action-hash=\"#elementor-action%3Aaction%3Dlightbox%26settings%3DeyJpZCI6MTA5NiwidXJsIjoiaHR0cHM6XC9cL3BpbGdlcmhlcmJlcmdlLXNnLmNoXC93cC1jb250ZW50XC91cGxvYWRzXC8yMDE2XC8wMlwvRFNDXzg0MTYtODAwLmpwZyIsInNsaWRlc2hvdyI6IjIyNDc1MmZlIn0%3D\">\n\t\t\t\t\t<div class=\"e-gallery-image elementor-gallery-item__image\" data-thumbnail=\"https:\/\/pilgerherberge-sg.ch\/wp-content\/uploads\/2016\/02\/DSC_8416-800.jpg\" data-width=\"800\" data-height=\"450\" aria-label=\"Dekoration\" role=\"img\" ><\/div>\n\t\t\t\t\t\t\t\t\t\t\t<div class=\"elementor-gallery-item__overlay\"><\/div>\n\t\t\t\t\t\t\t\t\t\t\t\t\t\t\t<div class=\"elementor-gallery-item__content\">\n\t\t\t\t\t\t\t\t\t\t\t\t\t\t<div class=\"elementor-gallery-item__title\">\n\t\t\t\t\t\t\t\t\t\t\t\t\t\t\t\t\t\tDeko mit Jakobsmuschel\t\t\t\t\t\t\t\t<\/div>\n\t\t\t\t\t\t\t\t\t\t\t\t<\/div>\n\t\t\t\t\t\t\t\t\t<\/a>\n\t\t\t\t\t\t\t<a class=\"e-gallery-item elementor-gallery-item elementor-animated-content\" href=\"https:\/\/pilgerherberge-sg.ch\/wp-content\/uploads\/2016\/02\/DSC_8413-800.jpg\" data-elementor-open-lightbox=\"yes\" data-elementor-lightbox-slideshow=\"224752fe\" data-elementor-lightbox-title=\"Verpflegung mit Pilgerk\u00e4se\" data-e-action-hash=\"#elementor-action%3Aaction%3Dlightbox%26settings%3DeyJpZCI6MTA5NSwidXJsIjoiaHR0cHM6XC9cL3BpbGdlcmhlcmJlcmdlLXNnLmNoXC93cC1jb250ZW50XC91cGxvYWRzXC8yMDE2XC8wMlwvRFNDXzg0MTMtODAwLmpwZyIsInNsaWRlc2hvdyI6IjIyNDc1MmZlIn0%3D\">\n\t\t\t\t\t<div class=\"e-gallery-image elementor-gallery-item__image\" data-thumbnail=\"https:\/\/pilgerherberge-sg.ch\/wp-content\/uploads\/2016\/02\/DSC_8413-800.jpg\" data-width=\"800\" data-height=\"530\" aria-label=\"Pilgerk\u00e4se\" role=\"img\" ><\/div>\n\t\t\t\t\t\t\t\t\t\t\t<div class=\"elementor-gallery-item__overlay\"><\/div>\n\t\t\t\t\t\t\t\t\t\t\t\t\t\t\t<div class=\"elementor-gallery-item__content\">\n\t\t\t\t\t\t\t\t\t\t\t\t\t\t<div class=\"elementor-gallery-item__title\">\n\t\t\t\t\t\t\t\t\t\t\t\t\t\t\t\t\t\tImbiss mit Pilgerk\u00e4se\t\t\t\t\t\t\t\t<\/div>\n\t\t\t\t\t\t\t\t\t\t\t\t<\/div>\n\t\t\t\t\t\t\t\t\t<\/a>\n\t\t\t\t\t\t\t<a class=\"e-gallery-item elementor-gallery-item elementor-animated-content\" href=\"https:\/\/pilgerherberge-sg.ch\/wp-content\/uploads\/2016\/02\/DSC_8411-800.jpg\" data-elementor-open-lightbox=\"yes\" data-elementor-lightbox-slideshow=\"224752fe\" data-elementor-lightbox-title=\"HV 2016\" data-e-action-hash=\"#elementor-action%3Aaction%3Dlightbox%26settings%3DeyJpZCI6MTA5MywidXJsIjoiaHR0cHM6XC9cL3BpbGdlcmhlcmJlcmdlLXNnLmNoXC93cC1jb250ZW50XC91cGxvYWRzXC8yMDE2XC8wMlwvRFNDXzg0MTEtODAwLmpwZyIsInNsaWRlc2hvdyI6IjIyNDc1MmZlIn0%3D\">\n\t\t\t\t\t<div class=\"e-gallery-image elementor-gallery-item__image\" data-thumbnail=\"https:\/\/pilgerherberge-sg.ch\/wp-content\/uploads\/2016\/02\/DSC_8411-800.jpg\" data-width=\"800\" data-height=\"450\" aria-label=\"\" role=\"img\" ><\/div>\n\t\t\t\t\t\t\t\t\t\t\t<div class=\"elementor-gallery-item__overlay\"><\/div>\n\t\t\t\t\t\t\t\t\t\t\t\t\t\t\t<div class=\"elementor-gallery-item__content\">\n\t\t\t\t\t\t\t\t\t\t\t\t\t\t<div class=\"elementor-gallery-item__title\">\n\t\t\t\t\t\t\t\t\t\t\t\t\t\t\t\t\t\taufmerksame Mitglieder\t\t\t\t\t\t\t\t<\/div>\n\t\t\t\t\t\t\t\t\t\t\t\t<\/div>\n\t\t\t\t\t\t\t\t\t<\/a>\n\t\t\t\t\t\t\t<a class=\"e-gallery-item elementor-gallery-item elementor-animated-content\" href=\"https:\/\/pilgerherberge-sg.ch\/wp-content\/uploads\/2016\/02\/DSC_8412-800.jpg\" data-elementor-open-lightbox=\"yes\" data-elementor-lightbox-slideshow=\"224752fe\" data-elementor-lightbox-title=\"Revisorenbericht\" data-e-action-hash=\"#elementor-action%3Aaction%3Dlightbox%26settings%3DeyJpZCI6MTA5NCwidXJsIjoiaHR0cHM6XC9cL3BpbGdlcmhlcmJlcmdlLXNnLmNoXC93cC1jb250ZW50XC91cGxvYWRzXC8yMDE2XC8wMlwvRFNDXzg0MTItODAwLmpwZyIsInNsaWRlc2hvdyI6IjIyNDc1MmZlIn0%3D\">\n\t\t\t\t\t<div class=\"e-gallery-image elementor-gallery-item__image\" data-thumbnail=\"https:\/\/pilgerherberge-sg.ch\/wp-content\/uploads\/2016\/02\/DSC_8412-800.jpg\" data-width=\"800\" data-height=\"530\" aria-label=\"Revisorenbericht\" role=\"img\" ><\/div>\n\t\t\t\t\t\t\t\t\t\t\t<div class=\"elementor-gallery-item__overlay\"><\/div>\n\t\t\t\t\t\t\t\t\t\t\t\t\t\t\t<div class=\"elementor-gallery-item__content\">\n\t\t\t\t\t\t\t\t\t\t\t\t\t\t<div class=\"elementor-gallery-item__title\">\n\t\t\t\t\t\t\t\t\t\t\t\t\t\t\t\t\t\tder Revisor erteilt Decharge\t\t\t\t\t\t\t\t<\/div>\n\t\t\t\t\t\t\t\t\t\t\t\t<\/div>\n\t\t\t\t\t\t\t\t\t<\/a>\n\t\t\t\t\t\t\t<a class=\"e-gallery-item elementor-gallery-item elementor-animated-content\" href=\"https:\/\/pilgerherberge-sg.ch\/wp-content\/uploads\/2016\/02\/DSC_8410-800.jpg\" data-elementor-open-lightbox=\"yes\" data-elementor-lightbox-slideshow=\"224752fe\" data-elementor-lightbox-title=\"Kassabericht\" data-e-action-hash=\"#elementor-action%3Aaction%3Dlightbox%26settings%3DeyJpZCI6MTA5MiwidXJsIjoiaHR0cHM6XC9cL3BpbGdlcmhlcmJlcmdlLXNnLmNoXC93cC1jb250ZW50XC91cGxvYWRzXC8yMDE2XC8wMlwvRFNDXzg0MTAtODAwLmpwZyIsInNsaWRlc2hvdyI6IjIyNDc1MmZlIn0%3D\">\n\t\t\t\t\t<div class=\"e-gallery-image elementor-gallery-item__image\" data-thumbnail=\"https:\/\/pilgerherberge-sg.ch\/wp-content\/uploads\/2016\/02\/DSC_8410-800.jpg\" data-width=\"800\" data-height=\"450\" aria-label=\"Kassabericht\" role=\"img\" ><\/div>\n\t\t\t\t\t\t\t\t\t\t\t<div class=\"elementor-gallery-item__overlay\"><\/div>\n\t\t\t\t\t\t\t\t\t\t\t\t\t\t\t<div class=\"elementor-gallery-item__content\">\n\t\t\t\t\t\t\t\t\t\t\t\t\t\t<div class=\"elementor-gallery-item__title\">\n\t\t\t\t\t\t\t\t\t\t\t\t\t\t\t\t\t\tdie Kassierin erl\u00e4utert das Budget\t\t\t\t\t\t\t\t<\/div>\n\t\t\t\t\t\t\t\t\t\t\t\t<\/div>\n\t\t\t\t\t\t\t\t\t<\/a>\n\t\t\t\t\t<\/div>\n\t\t\t\t\t<\/div>\n\t\t\t\t<\/div>\n\t\t\t\t<div class=\"elementor-element elementor-element-110afa41 elementor-widget elementor-widget-spacer\" data-id=\"110afa41\" data-element_type=\"widget\" data-e-type=\"widget\" data-widget_type=\"spacer.default\">\n\t\t\t\t<div class=\"elementor-widget-container\">\n\t\t\t\t\t\t\t<div class=\"elementor-spacer\">\n\t\t\t<div class=\"elementor-spacer-inner\"><\/div>\n\t\t<\/div>\n\t\t\t\t\t\t<\/div>\n\t\t\t\t<\/div>\n\t\t\t\t\t<\/div>\n\t\t<\/div>\n\t\t\t\t\t<\/div>\n\t\t<\/section>\n\t\t\t\t<section class=\"elementor-section elementor-top-section elementor-element elementor-element-4efe29b2 elementor-section-full_width elementor-section-height-default elementor-section-height-default\" data-id=\"4efe29b2\" data-element_type=\"section\" data-e-type=\"section\">\n\t\t\t\t\t\t<div class=\"elementor-container elementor-column-gap-default\">\n\t\t\t\t\t<div class=\"elementor-column elementor-col-100 elementor-top-column elementor-element elementor-element-77c1df7f\" data-id=\"77c1df7f\" data-element_type=\"column\" data-e-type=\"column\">\n\t\t\t<div class=\"elementor-widget-wrap elementor-element-populated\">\n\t\t\t\t\t\t<div class=\"elementor-element elementor-element-3be811d5 post-navigation-link-posts-text raven-post-navigation-type-standard elementor-widget elementor-widget-raven-post-navigation\" data-id=\"3be811d5\" data-element_type=\"widget\" data-e-type=\"widget\" data-widget_type=\"raven-post-navigation.default\">\n\t\t\t\t<div class=\"elementor-widget-container\">\n\t\t\t\t\t\t\t<div class=\"raven-post-navigation\">\n\t\t\t<a href=\"https:\/\/pilgerherberge-sg.ch\/fr\/heilige-pforte-in-santiago\/\" rel=\"prev\"><div class=\"raven-post-navigation-previous-post raven-post-navigation-content-wrapper\"><span class=\"raven-post-navigation-prev-arrow raven-post-navigation-arrow\"><i class=\"fas fa-chevron-left\"><\/i><\/span><div class=\"raven-post-navigation-previous-post-content raven-post-navigation-next-previous-content\"> <div class=\"raven-post-navigation-title-wrapper\"><span class=\"raven-post-navigation-prev-label raven-post-navigation-label\">VORHERIGER BEITRAG<\/span> <\/div><\/div><\/div><\/a>\t\t<div class=\"raven-post-navigation-all-posts-wrapper\">\n\t\t\t<span class=\"raven-post-navigation-all-posts raven-post-navigation-all-posts-text\">\u00dcbersicht<\/span>\t\t<\/div>\n\t\t<a href=\"https:\/\/pilgerherberge-sg.ch\/fr\/hogar-espanol-st-gallen\/\" rel=\"next\"><div class=\"raven-post-navigation-next-post raven-post-navigation-content-wrapper\"><span class=\"raven-post-navigation-next-arrow raven-post-navigation-arrow\"><i class=\"fas fa-chevron-right\"><\/i><\/span><div class=\"raven-post-navigation-next-post-content raven-post-navigation-next-previous-content\"> <div class=\"raven-post-navigation-title-wrapper\"><span class=\"raven-post-navigation-next-label raven-post-navigation-label\">N\u00c4CHSTER BEITRAG <\/span> <\/div><\/div><\/div><\/a>\t\t<\/div>\n\t\t\t\t\t\t<\/div>\n\t\t\t\t<\/div>\n\t\t\t\t<div class=\"elementor-element elementor-element-409449fd elementor-widget elementor-widget-spacer\" data-id=\"409449fd\" data-element_type=\"widget\" data-e-type=\"widget\" data-widget_type=\"spacer.default\">\n\t\t\t\t<div class=\"elementor-widget-container\">\n\t\t\t\t\t\t\t<div class=\"elementor-spacer\">\n\t\t\t<div class=\"elementor-spacer-inner\"><\/div>\n\t\t<\/div>\n\t\t\t\t\t\t<\/div>\n\t\t\t\t<\/div>\n\t\t\t\t\t<\/div>\n\t\t<\/div>\n\t\t\t\t\t<\/div>\n\t\t<\/section>\n\t\t\t\t<\/div>\n\t\t","protected":false},"excerpt":{"rendered":"<p>Die 8. Hauptversammlung des Vereins Pilgerherberge Sankt Gallen fand wiederum im Pfarreiheim OASE in St.Gallen-St.Georgen statt.<\/p>\n","protected":false},"author":1,"featured_media":1093,"comment_status":"closed","ping_status":"open","sticky":false,"template":"elementor_header_footer","format":"gallery","meta":{"_acf_changed":false,"footnotes":""},"categories":[141],"tags":[12],"class_list":["post-1100","post","type-post","status-publish","format-gallery","has-post-thumbnail","hentry","category-archiv","tag-jakobspilger","post_format-post-format-gallery"],"acf":[],"_links":{"self":[{"href":"https:\/\/pilgerherberge-sg.ch\/fr\/wp-json\/wp\/v2\/posts\/1100","targetHints":{"allow":["GET"]}}],"collection":[{"href":"https:\/\/pilgerherberge-sg.ch\/fr\/wp-json\/wp\/v2\/posts"}],"about":[{"href":"https:\/\/pilgerherberge-sg.ch\/fr\/wp-json\/wp\/v2\/types\/post"}],"author":[{"embeddable":true,"href":"https:\/\/pilgerherberge-sg.ch\/fr\/wp-json\/wp\/v2\/users\/1"}],"replies":[{"embeddable":true,"href":"https:\/\/pilgerherberge-sg.ch\/fr\/wp-json\/wp\/v2\/comments?post=1100"}],"version-history":[{"count":6,"href":"https:\/\/pilgerherberge-sg.ch\/fr\/wp-json\/wp\/v2\/posts\/1100\/revisions"}],"predecessor-version":[{"id":6930,"href":"https:\/\/pilgerherberge-sg.ch\/fr\/wp-json\/wp\/v2\/posts\/1100\/revisions\/6930"}],"wp:featuredmedia":[{"embeddable":true,"href":"https:\/\/pilgerherberge-sg.ch\/fr\/wp-json\/wp\/v2\/media\/1093"}],"wp:attachment":[{"href":"https:\/\/pilgerherberge-sg.ch\/fr\/wp-json\/wp\/v2\/media?parent=1100"}],"wp:term":[{"taxonomy":"category","embeddable":true,"href":"https:\/\/pilgerherberge-sg.ch\/fr\/wp-json\/wp\/v2\/categories?post=1100"},{"taxonomy":"post_tag","embeddable":true,"href":"https:\/\/pilgerherberge-sg.ch\/fr\/wp-json\/wp\/v2\/tags?post=1100"}],"curies":[{"name":"wp","href":"https:\/\/api.w.org\/{rel}","templated":true}]}}