{"id":5189,"date":"2023-05-07T19:00:54","date_gmt":"2023-05-07T19:00:54","guid":{"rendered":"https:\/\/pilgerherberge-sg.ch\/?p=5189"},"modified":"2025-09-18T07:26:15","modified_gmt":"2025-09-18T07:26:15","slug":"rueckblick-hv-2023","status":"publish","type":"post","link":"https:\/\/pilgerherberge-sg.ch\/fr\/rueckblick-hv-2023\/","title":{"rendered":"R\u00fcckblick 15. HV"},"content":{"rendered":"\t\t<div data-elementor-type=\"wp-post\" data-elementor-id=\"5189\" class=\"elementor elementor-5189\" data-elementor-post-type=\"post\">\n\t\t\t\t\t\t<section class=\"elementor-section elementor-top-section elementor-element elementor-element-5df34277 elementor-section-boxed elementor-section-height-default elementor-section-height-default\" data-id=\"5df34277\" data-element_type=\"section\" data-e-type=\"section\">\n\t\t\t\t\t\t<div class=\"elementor-container elementor-column-gap-default\">\n\t\t\t\t\t<div class=\"elementor-column elementor-col-100 elementor-top-column elementor-element elementor-element-3692e572\" data-id=\"3692e572\" data-element_type=\"column\" data-e-type=\"column\">\n\t\t\t<div class=\"elementor-widget-wrap elementor-element-populated\">\n\t\t\t\t\t\t<div class=\"elementor-element elementor-element-4c47897c elementor-widget elementor-widget-raven-image\" data-id=\"4c47897c\" data-element_type=\"widget\" data-e-type=\"widget\" data-widget_type=\"raven-image.default\">\n\t\t\t\t<div class=\"elementor-widget-container\">\n\t\t\t\t\t\t\t<div class=\"raven-image\">\n\t\t\n\t\t\n\t\t<img fetchpriority=\"high\" decoding=\"async\" width=\"1250\" height=\"833\" src=\"https:\/\/pilgerherberge-sg.ch\/wp-content\/uploads\/2023\/05\/DSC03311-Pilgerherberge-Sankt-Gallen.jpg\" class=\"attachment-2048x2048 size-2048x2048 wp-image-8559\" alt=\"\" srcset=\"https:\/\/pilgerherberge-sg.ch\/wp-content\/uploads\/2023\/05\/DSC03311-Pilgerherberge-Sankt-Gallen.jpg 1250w, https:\/\/pilgerherberge-sg.ch\/wp-content\/uploads\/2023\/05\/DSC03311-Pilgerherberge-Sankt-Gallen-300x200.jpg 300w, https:\/\/pilgerherberge-sg.ch\/wp-content\/uploads\/2023\/05\/DSC03311-Pilgerherberge-Sankt-Gallen-1024x682.jpg 1024w, https:\/\/pilgerherberge-sg.ch\/wp-content\/uploads\/2023\/05\/DSC03311-Pilgerherberge-Sankt-Gallen-200x133.jpg 200w, https:\/\/pilgerherberge-sg.ch\/wp-content\/uploads\/2023\/05\/DSC03311-Pilgerherberge-Sankt-Gallen-400x267.jpg 400w, https:\/\/pilgerherberge-sg.ch\/wp-content\/uploads\/2023\/05\/DSC03311-Pilgerherberge-Sankt-Gallen-600x400.jpg 600w, https:\/\/pilgerherberge-sg.ch\/wp-content\/uploads\/2023\/05\/DSC03311-Pilgerherberge-Sankt-Gallen-800x533.jpg 800w, https:\/\/pilgerherberge-sg.ch\/wp-content\/uploads\/2023\/05\/DSC03311-Pilgerherberge-Sankt-Gallen-1200x800.jpg 1200w, https:\/\/pilgerherberge-sg.ch\/wp-content\/uploads\/2023\/05\/DSC03311-Pilgerherberge-Sankt-Gallen-272x182.jpg 272w\" sizes=\"(max-width: 1250px) 100vw, 1250px\" \/>\t\t<\/div>\n\t\t\t\t\t\t<\/div>\n\t\t\t\t<\/div>\n\t\t\t\t\t<\/div>\n\t\t<\/div>\n\t\t\t\t\t<\/div>\n\t\t<\/section>\n\t\t\t\t<section class=\"elementor-section elementor-top-section elementor-element elementor-element-754b3673 elementor-section-boxed elementor-section-height-default elementor-section-height-default\" data-id=\"754b3673\" data-element_type=\"section\" data-e-type=\"section\">\n\t\t\t\t\t\t<div class=\"elementor-container elementor-column-gap-default\">\n\t\t\t\t\t<div class=\"elementor-column elementor-col-100 elementor-top-column elementor-element elementor-element-4581ebeb\" data-id=\"4581ebeb\" data-element_type=\"column\" data-e-type=\"column\">\n\t\t\t<div class=\"elementor-widget-wrap elementor-element-populated\">\n\t\t\t\t\t\t<div class=\"elementor-element elementor-element-2ca136d5 elementor-widget elementor-widget-spacer\" data-id=\"2ca136d5\" data-element_type=\"widget\" data-e-type=\"widget\" data-widget_type=\"spacer.default\">\n\t\t\t\t<div class=\"elementor-widget-container\">\n\t\t\t\t\t\t\t<div class=\"elementor-spacer\">\n\t\t\t<div class=\"elementor-spacer-inner\"><\/div>\n\t\t<\/div>\n\t\t\t\t\t\t<\/div>\n\t\t\t\t<\/div>\n\t\t\t\t<div class=\"elementor-element elementor-element-296e238 elementor-align-left elementor-widget elementor-widget-post-info\" data-id=\"296e238\" data-element_type=\"widget\" data-e-type=\"widget\" data-widget_type=\"post-info.default\">\n\t\t\t\t<div class=\"elementor-widget-container\">\n\t\t\t\t\t\t\t<ul class=\"elementor-inline-items elementor-icon-list-items elementor-post-info\">\n\t\t\t\t\t\t\t\t<li class=\"elementor-icon-list-item elementor-repeater-item-ad5ffd6 elementor-inline-item\" itemprop=\"datePublished\">\n\t\t\t\t\t\t\t\t\t\t\t\t\t<span class=\"elementor-icon-list-text elementor-post-info__item elementor-post-info__item--type-date\">\n\t\t\t\t\t\t\t\t\t\t<time>07\/05\/2023<\/time>\t\t\t\t\t<\/span>\n\t\t\t\t\t\t\t\t<\/li>\n\t\t\t\t<li class=\"elementor-icon-list-item elementor-repeater-item-baf19fd elementor-inline-item\" itemprop=\"author\">\n\t\t\t\t\t\t\t\t\t\t\t\t\t<span class=\"elementor-icon-list-text elementor-post-info__item elementor-post-info__item--type-author\">\n\t\t\t\t\t\t\t\t\t\tJosef\t\t\t\t\t<\/span>\n\t\t\t\t\t\t\t\t<\/li>\n\t\t\t\t<\/ul>\n\t\t\t\t\t\t<\/div>\n\t\t\t\t<\/div>\n\t\t\t\t<div class=\"elementor-element elementor-element-6f688bc9 elementor-widget elementor-widget-heading\" data-id=\"6f688bc9\" data-element_type=\"widget\" data-e-type=\"widget\" data-widget_type=\"heading.default\">\n\t\t\t\t<div class=\"elementor-widget-container\">\n\t\t\t\t\t<h2 class=\"elementor-heading-title elementor-size-default\">R\u00fcckblick 15. HV<\/h2>\t\t\t\t<\/div>\n\t\t\t\t<\/div>\n\t\t\t\t<div class=\"elementor-element elementor-element-462f7ba1 elementor-widget elementor-widget-spacer\" data-id=\"462f7ba1\" data-element_type=\"widget\" data-e-type=\"widget\" data-widget_type=\"spacer.default\">\n\t\t\t\t<div class=\"elementor-widget-container\">\n\t\t\t\t\t\t\t<div class=\"elementor-spacer\">\n\t\t\t<div class=\"elementor-spacer-inner\"><\/div>\n\t\t<\/div>\n\t\t\t\t\t\t<\/div>\n\t\t\t\t<\/div>\n\t\t\t\t<div class=\"elementor-element elementor-element-29851bdd elementor-widget elementor-widget-text-editor\" data-id=\"29851bdd\" data-element_type=\"widget\" data-e-type=\"widget\" data-widget_type=\"text-editor.default\">\n\t\t\t\t<div class=\"elementor-widget-container\">\n\t\t\t\t\t\t\t\t\t<p><strong>Freitag 05.05.23 im Pfarreiheim Oase St. Georgen &#8211; St. Gallen<\/strong><\/p>\n<p>Nach einem heftigen Regenschauer begann die 15. HV um halb acht mit einem fast vollen Saal. Ca. 50 Personen waren versammelt, um die \u00fcblichen Traktanden zu behandeln. Anschliessend wurde ein einfaches Nachtessen mit wunderbarem Kartoffelsalat, Fleischk\u00e4se und Brot zusammen mit Getr\u00e4nken abgegeben. Im dritten Teil des Abends referierte Pfarrer Joerg Niederer von der <a href=\"https:\/\/emk-st-gallen.ch\/\" target=\"_blank\" rel=\"noreferrer noopener\">evangelisch-methodistischen Gemeinde St. Gallen &#8211; Teufen<\/a> \u00fcber seine besondere Pilgerreise. Er pilgerte im Jahr 2017 ab seinem Wohnort Frauenfeld nach London. In London befindet sich das Grab des Begr\u00fcnders der methodistischen Bewegung <a href=\"https:\/\/de.wikipedia.org\/wiki\/John_Wesley_%28Prediger%29\" target=\"_blank\" rel=\"noreferrer noopener\">John Wesley<\/a>. \u00dcber seine Pilgerreise <a href=\"http:\/\/www.wanderwerk.ch\/programm\/niederer\/frauenfeld_london\/frauenfeld_london.htm\" target=\"_blank\" rel=\"noreferrer noopener\">verfasste er ein Buch<\/a>. Noch l\u00e4nger fanden lebhafte Gespr\u00e4che statt, vers\u00fcsst durch Nuss- und Mandelgipfel sowie Kaffee. Erfreulicherweise konnten zudem zwei <a href=\"https:\/\/pilgerherberge-sg.ch\/verein\/mitgliedschaft\/\" target=\"_blank\" rel=\"noreferrer noopener\">neue Vereinsmitglieder<\/a> registriert werden<\/p>\t\t\t\t\t\t\t\t<\/div>\n\t\t\t\t<\/div>\n\t\t\t\t<div class=\"elementor-element elementor-element-1738ee92 elementor-widget elementor-widget-spacer\" data-id=\"1738ee92\" data-element_type=\"widget\" data-e-type=\"widget\" data-widget_type=\"spacer.default\">\n\t\t\t\t<div class=\"elementor-widget-container\">\n\t\t\t\t\t\t\t<div class=\"elementor-spacer\">\n\t\t\t<div class=\"elementor-spacer-inner\"><\/div>\n\t\t<\/div>\n\t\t\t\t\t\t<\/div>\n\t\t\t\t<\/div>\n\t\t\t\t<div class=\"elementor-element elementor-element-505f74a6 elementor-widget elementor-widget-spacer\" data-id=\"505f74a6\" data-element_type=\"widget\" data-e-type=\"widget\" data-widget_type=\"spacer.default\">\n\t\t\t\t<div class=\"elementor-widget-container\">\n\t\t\t\t\t\t\t<div class=\"elementor-spacer\">\n\t\t\t<div class=\"elementor-spacer-inner\"><\/div>\n\t\t<\/div>\n\t\t\t\t\t\t<\/div>\n\t\t\t\t<\/div>\n\t\t\t\t<div class=\"elementor-element elementor-element-2de870b elementor-widget elementor-widget-gallery\" data-id=\"2de870b\" data-element_type=\"widget\" data-e-type=\"widget\" data-settings=\"{&quot;columns&quot;:2,&quot;lazyload&quot;:&quot;yes&quot;,&quot;gallery_layout&quot;:&quot;grid&quot;,&quot;columns_tablet&quot;:2,&quot;columns_mobile&quot;:1,&quot;gap&quot;:{&quot;unit&quot;:&quot;px&quot;,&quot;size&quot;:10,&quot;sizes&quot;:[]},&quot;gap_tablet_extra&quot;:{&quot;unit&quot;:&quot;px&quot;,&quot;size&quot;:10,&quot;sizes&quot;:[]},&quot;gap_tablet&quot;:{&quot;unit&quot;:&quot;px&quot;,&quot;size&quot;:10,&quot;sizes&quot;:[]},&quot;gap_mobile_extra&quot;:{&quot;unit&quot;:&quot;px&quot;,&quot;size&quot;:10,&quot;sizes&quot;:[]},&quot;gap_mobile&quot;:{&quot;unit&quot;:&quot;px&quot;,&quot;size&quot;:10,&quot;sizes&quot;:[]},&quot;link_to&quot;:&quot;file&quot;,&quot;aspect_ratio&quot;:&quot;3:2&quot;,&quot;overlay_background&quot;:&quot;yes&quot;,&quot;content_hover_animation&quot;:&quot;fade-in&quot;}\" data-widget_type=\"gallery.default\">\n\t\t\t\t<div class=\"elementor-widget-container\">\n\t\t\t\t\t\t\t<div class=\"elementor-gallery__container\">\n\t\t\t\t\t\t\t<a class=\"e-gallery-item elementor-gallery-item elementor-animated-content\" href=\"https:\/\/pilgerherberge-sg.ch\/wp-content\/uploads\/2023\/05\/Gaestebuch-Eintrag-Pilgerherberge-Sankt-Gallen-web.jpg\" data-elementor-open-lightbox=\"yes\" data-elementor-lightbox-slideshow=\"2de870b\" data-elementor-lightbox-title=\"Gaestebuch-Eintrag-Pilgerherberge-Sankt-Gallen-web\" data-e-action-hash=\"#elementor-action%3Aaction%3Dlightbox%26settings%3DeyJpZCI6NTIwNSwidXJsIjoiaHR0cHM6XC9cL3BpbGdlcmhlcmJlcmdlLXNnLmNoXC93cC1jb250ZW50XC91cGxvYWRzXC8yMDIzXC8wNVwvR2Flc3RlYnVjaC1FaW50cmFnLVBpbGdlcmhlcmJlcmdlLVNhbmt0LUdhbGxlbi13ZWIuanBnIiwic2xpZGVzaG93IjoiMmRlODcwYiJ9\">\n\t\t\t\t\t<div class=\"e-gallery-image elementor-gallery-item__image\" data-thumbnail=\"https:\/\/pilgerherberge-sg.ch\/wp-content\/uploads\/2023\/05\/Gaestebuch-Eintrag-Pilgerherberge-Sankt-Gallen-web.jpg\" data-width=\"1250\" data-height=\"913\" aria-label=\"\" role=\"img\" ><\/div>\n\t\t\t\t\t\t\t\t\t\t\t<div class=\"elementor-gallery-item__overlay\"><\/div>\n\t\t\t\t\t\t\t\t\t\t\t\t\t\t<\/a>\n\t\t\t\t\t\t\t<a class=\"e-gallery-item elementor-gallery-item elementor-animated-content\" href=\"https:\/\/pilgerherberge-sg.ch\/wp-content\/uploads\/2023\/05\/DSC03292-Pilgerherberge-Sankt-Gallen.jpg\" data-elementor-open-lightbox=\"yes\" data-elementor-lightbox-slideshow=\"2de870b\" data-elementor-lightbox-title=\"DSC03292-Pilgerherberge-Sankt-Gallen\" data-e-action-hash=\"#elementor-action%3Aaction%3Dlightbox%26settings%3DeyJpZCI6NTE5NywidXJsIjoiaHR0cHM6XC9cL3BpbGdlcmhlcmJlcmdlLXNnLmNoXC93cC1jb250ZW50XC91cGxvYWRzXC8yMDIzXC8wNVwvRFNDMDMyOTItUGlsZ2VyaGVyYmVyZ2UtU2Fua3QtR2FsbGVuLmpwZyIsInNsaWRlc2hvdyI6IjJkZTg3MGIifQ%3D%3D\">\n\t\t\t\t\t<div class=\"e-gallery-image elementor-gallery-item__image\" data-thumbnail=\"https:\/\/pilgerherberge-sg.ch\/wp-content\/uploads\/2023\/05\/DSC03292-Pilgerherberge-Sankt-Gallen.jpg\" data-width=\"1250\" data-height=\"833\" aria-label=\"\" role=\"img\" ><\/div>\n\t\t\t\t\t\t\t\t\t\t\t<div class=\"elementor-gallery-item__overlay\"><\/div>\n\t\t\t\t\t\t\t\t\t\t\t\t\t\t<\/a>\n\t\t\t\t\t\t\t<a class=\"e-gallery-item elementor-gallery-item elementor-animated-content\" href=\"https:\/\/pilgerherberge-sg.ch\/wp-content\/uploads\/2023\/05\/DSC03298-Pilgerherberge-Sankt-Gallen.jpg\" data-elementor-open-lightbox=\"yes\" data-elementor-lightbox-slideshow=\"2de870b\" data-elementor-lightbox-title=\"DSC03298-Pilgerherberge-Sankt-Gallen\" data-e-action-hash=\"#elementor-action%3Aaction%3Dlightbox%26settings%3DeyJpZCI6NTE5MSwidXJsIjoiaHR0cHM6XC9cL3BpbGdlcmhlcmJlcmdlLXNnLmNoXC93cC1jb250ZW50XC91cGxvYWRzXC8yMDIzXC8wNVwvRFNDMDMyOTgtUGlsZ2VyaGVyYmVyZ2UtU2Fua3QtR2FsbGVuLmpwZyIsInNsaWRlc2hvdyI6IjJkZTg3MGIifQ%3D%3D\">\n\t\t\t\t\t<div class=\"e-gallery-image elementor-gallery-item__image\" data-thumbnail=\"https:\/\/pilgerherberge-sg.ch\/wp-content\/uploads\/2023\/05\/DSC03298-Pilgerherberge-Sankt-Gallen.jpg\" data-width=\"1250\" data-height=\"833\" aria-label=\"\" role=\"img\" ><\/div>\n\t\t\t\t\t\t\t\t\t\t\t<div class=\"elementor-gallery-item__overlay\"><\/div>\n\t\t\t\t\t\t\t\t\t\t\t\t\t\t<\/a>\n\t\t\t\t\t\t\t<a class=\"e-gallery-item elementor-gallery-item elementor-animated-content\" href=\"https:\/\/pilgerherberge-sg.ch\/wp-content\/uploads\/2023\/05\/DSC03303-Pilgerherberge-Sankt-Gallen.jpg\" data-elementor-open-lightbox=\"yes\" data-elementor-lightbox-slideshow=\"2de870b\" data-elementor-lightbox-title=\"DSC03303-Pilgerherberge-Sankt-Gallen\" data-e-action-hash=\"#elementor-action%3Aaction%3Dlightbox%26settings%3DeyJpZCI6NTE5MywidXJsIjoiaHR0cHM6XC9cL3BpbGdlcmhlcmJlcmdlLXNnLmNoXC93cC1jb250ZW50XC91cGxvYWRzXC8yMDIzXC8wNVwvRFNDMDMzMDMtUGlsZ2VyaGVyYmVyZ2UtU2Fua3QtR2FsbGVuLmpwZyIsInNsaWRlc2hvdyI6IjJkZTg3MGIifQ%3D%3D\">\n\t\t\t\t\t<div class=\"e-gallery-image elementor-gallery-item__image\" data-thumbnail=\"https:\/\/pilgerherberge-sg.ch\/wp-content\/uploads\/2023\/05\/DSC03303-Pilgerherberge-Sankt-Gallen.jpg\" data-width=\"1250\" data-height=\"833\" aria-label=\"\" role=\"img\" ><\/div>\n\t\t\t\t\t\t\t\t\t\t\t<div class=\"elementor-gallery-item__overlay\"><\/div>\n\t\t\t\t\t\t\t\t\t\t\t\t\t\t<\/a>\n\t\t\t\t\t\t\t<a class=\"e-gallery-item elementor-gallery-item elementor-animated-content\" href=\"https:\/\/pilgerherberge-sg.ch\/wp-content\/uploads\/2023\/05\/DSC03304-Pilgerherberge-Sankt-Gallen.jpg\" data-elementor-open-lightbox=\"yes\" data-elementor-lightbox-slideshow=\"2de870b\" data-elementor-lightbox-title=\"DSC03304-Pilgerherberge-Sankt-Gallen\" data-e-action-hash=\"#elementor-action%3Aaction%3Dlightbox%26settings%3DeyJpZCI6NTE5MiwidXJsIjoiaHR0cHM6XC9cL3BpbGdlcmhlcmJlcmdlLXNnLmNoXC93cC1jb250ZW50XC91cGxvYWRzXC8yMDIzXC8wNVwvRFNDMDMzMDQtUGlsZ2VyaGVyYmVyZ2UtU2Fua3QtR2FsbGVuLmpwZyIsInNsaWRlc2hvdyI6IjJkZTg3MGIifQ%3D%3D\">\n\t\t\t\t\t<div class=\"e-gallery-image elementor-gallery-item__image\" data-thumbnail=\"https:\/\/pilgerherberge-sg.ch\/wp-content\/uploads\/2023\/05\/DSC03304-Pilgerherberge-Sankt-Gallen.jpg\" data-width=\"956\" data-height=\"637\" aria-label=\"\" role=\"img\" ><\/div>\n\t\t\t\t\t\t\t\t\t\t\t<div class=\"elementor-gallery-item__overlay\"><\/div>\n\t\t\t\t\t\t\t\t\t\t\t\t\t\t<\/a>\n\t\t\t\t\t\t\t<a class=\"e-gallery-item elementor-gallery-item elementor-animated-content\" href=\"https:\/\/pilgerherberge-sg.ch\/wp-content\/uploads\/2023\/05\/DSC03308-Pilgerherberge-Sankt-Gallen.jpg\" data-elementor-open-lightbox=\"yes\" data-elementor-lightbox-slideshow=\"2de870b\" data-elementor-lightbox-title=\"DSC03308-Pilgerherberge-Sankt-Gallen\" data-e-action-hash=\"#elementor-action%3Aaction%3Dlightbox%26settings%3DeyJpZCI6NTE5NiwidXJsIjoiaHR0cHM6XC9cL3BpbGdlcmhlcmJlcmdlLXNnLmNoXC93cC1jb250ZW50XC91cGxvYWRzXC8yMDIzXC8wNVwvRFNDMDMzMDgtUGlsZ2VyaGVyYmVyZ2UtU2Fua3QtR2FsbGVuLmpwZyIsInNsaWRlc2hvdyI6IjJkZTg3MGIifQ%3D%3D\">\n\t\t\t\t\t<div class=\"e-gallery-image elementor-gallery-item__image\" data-thumbnail=\"https:\/\/pilgerherberge-sg.ch\/wp-content\/uploads\/2023\/05\/DSC03308-Pilgerherberge-Sankt-Gallen.jpg\" data-width=\"1027\" data-height=\"685\" aria-label=\"\" role=\"img\" ><\/div>\n\t\t\t\t\t\t\t\t\t\t\t<div class=\"elementor-gallery-item__overlay\"><\/div>\n\t\t\t\t\t\t\t\t\t\t\t\t\t\t<\/a>\n\t\t\t\t\t\t\t<a class=\"e-gallery-item elementor-gallery-item elementor-animated-content\" href=\"https:\/\/pilgerherberge-sg.ch\/wp-content\/uploads\/2023\/05\/Statistik-Pilgerherberge-Sankt-Gallen-2022.jpg\" data-elementor-open-lightbox=\"yes\" data-elementor-lightbox-slideshow=\"2de870b\" data-elementor-lightbox-title=\"Statistik-Pilgerherberge-Sankt-Gallen-2022\" data-e-action-hash=\"#elementor-action%3Aaction%3Dlightbox%26settings%3DeyJpZCI6NTE5NSwidXJsIjoiaHR0cHM6XC9cL3BpbGdlcmhlcmJlcmdlLXNnLmNoXC93cC1jb250ZW50XC91cGxvYWRzXC8yMDIzXC8wNVwvU3RhdGlzdGlrLVBpbGdlcmhlcmJlcmdlLVNhbmt0LUdhbGxlbi0yMDIyLmpwZyIsInNsaWRlc2hvdyI6IjJkZTg3MGIifQ%3D%3D\">\n\t\t\t\t\t<div class=\"e-gallery-image elementor-gallery-item__image\" data-thumbnail=\"https:\/\/pilgerherberge-sg.ch\/wp-content\/uploads\/2023\/05\/Statistik-Pilgerherberge-Sankt-Gallen-2022.jpg\" data-width=\"1250\" data-height=\"624\" aria-label=\"\" role=\"img\" ><\/div>\n\t\t\t\t\t\t\t\t\t\t\t<div class=\"elementor-gallery-item__overlay\"><\/div>\n\t\t\t\t\t\t\t\t\t\t\t\t\t\t<\/a>\n\t\t\t\t\t\t\t<a class=\"e-gallery-item elementor-gallery-item elementor-animated-content\" href=\"https:\/\/pilgerherberge-sg.ch\/wp-content\/uploads\/2023\/05\/Pilgertheater-Pilgerherberge-Sankt-Gallen.jpg\" data-elementor-open-lightbox=\"yes\" data-elementor-lightbox-slideshow=\"2de870b\" data-elementor-lightbox-title=\"Pilgertheater-Pilgerherberge-Sankt-Gallen\" data-e-action-hash=\"#elementor-action%3Aaction%3Dlightbox%26settings%3DeyJpZCI6NTE5OCwidXJsIjoiaHR0cHM6XC9cL3BpbGdlcmhlcmJlcmdlLXNnLmNoXC93cC1jb250ZW50XC91cGxvYWRzXC8yMDIzXC8wNVwvUGlsZ2VydGhlYXRlci1QaWxnZXJoZXJiZXJnZS1TYW5rdC1HYWxsZW4uanBnIiwic2xpZGVzaG93IjoiMmRlODcwYiJ9\">\n\t\t\t\t\t<div class=\"e-gallery-image elementor-gallery-item__image\" data-thumbnail=\"https:\/\/pilgerherberge-sg.ch\/wp-content\/uploads\/2023\/05\/Pilgertheater-Pilgerherberge-Sankt-Gallen.jpg\" data-width=\"1250\" data-height=\"747\" aria-label=\"\" role=\"img\" ><\/div>\n\t\t\t\t\t\t\t\t\t\t\t<div class=\"elementor-gallery-item__overlay\"><\/div>\n\t\t\t\t\t\t\t\t\t\t\t\t\t\t<\/a>\n\t\t\t\t\t\t\t<a class=\"e-gallery-item elementor-gallery-item elementor-animated-content\" href=\"https:\/\/pilgerherberge-sg.ch\/wp-content\/uploads\/2023\/05\/DSC03312-Pilgerherberge-Sankt-Gallen.jpg\" data-elementor-open-lightbox=\"yes\" data-elementor-lightbox-slideshow=\"2de870b\" data-elementor-lightbox-title=\"DSC03312-Pilgerherberge-Sankt-Gallen\" data-e-action-hash=\"#elementor-action%3Aaction%3Dlightbox%26settings%3DeyJpZCI6NTE5NCwidXJsIjoiaHR0cHM6XC9cL3BpbGdlcmhlcmJlcmdlLXNnLmNoXC93cC1jb250ZW50XC91cGxvYWRzXC8yMDIzXC8wNVwvRFNDMDMzMTItUGlsZ2VyaGVyYmVyZ2UtU2Fua3QtR2FsbGVuLmpwZyIsInNsaWRlc2hvdyI6IjJkZTg3MGIifQ%3D%3D\">\n\t\t\t\t\t<div class=\"e-gallery-image elementor-gallery-item__image\" data-thumbnail=\"https:\/\/pilgerherberge-sg.ch\/wp-content\/uploads\/2023\/05\/DSC03312-Pilgerherberge-Sankt-Gallen.jpg\" data-width=\"1250\" data-height=\"833\" aria-label=\"\" role=\"img\" ><\/div>\n\t\t\t\t\t\t\t\t\t\t\t<div class=\"elementor-gallery-item__overlay\"><\/div>\n\t\t\t\t\t\t\t\t\t\t\t\t\t\t<\/a>\n\t\t\t\t\t\t\t<a class=\"e-gallery-item elementor-gallery-item elementor-animated-content\" href=\"https:\/\/pilgerherberge-sg.ch\/wp-content\/uploads\/2023\/05\/DSC03317-Pilgerherberge-Sankt-Gallen.jpg\" data-elementor-open-lightbox=\"yes\" data-elementor-lightbox-slideshow=\"2de870b\" data-elementor-lightbox-title=\"DSC03317-Pilgerherberge-Sankt-Gallen\" data-e-action-hash=\"#elementor-action%3Aaction%3Dlightbox%26settings%3DeyJpZCI6NTIwMCwidXJsIjoiaHR0cHM6XC9cL3BpbGdlcmhlcmJlcmdlLXNnLmNoXC93cC1jb250ZW50XC91cGxvYWRzXC8yMDIzXC8wNVwvRFNDMDMzMTctUGlsZ2VyaGVyYmVyZ2UtU2Fua3QtR2FsbGVuLmpwZyIsInNsaWRlc2hvdyI6IjJkZTg3MGIifQ%3D%3D\">\n\t\t\t\t\t<div class=\"e-gallery-image elementor-gallery-item__image\" data-thumbnail=\"https:\/\/pilgerherberge-sg.ch\/wp-content\/uploads\/2023\/05\/DSC03317-Pilgerherberge-Sankt-Gallen.jpg\" data-width=\"870\" data-height=\"580\" aria-label=\"\" role=\"img\" ><\/div>\n\t\t\t\t\t\t\t\t\t\t\t<div class=\"elementor-gallery-item__overlay\"><\/div>\n\t\t\t\t\t\t\t\t\t\t\t\t\t\t<\/a>\n\t\t\t\t\t<\/div>\n\t\t\t\t\t<\/div>\n\t\t\t\t<\/div>\n\t\t\t\t<div class=\"elementor-element elementor-element-3c7442a5 elementor-widget elementor-widget-spacer\" data-id=\"3c7442a5\" data-element_type=\"widget\" data-e-type=\"widget\" data-widget_type=\"spacer.default\">\n\t\t\t\t<div class=\"elementor-widget-container\">\n\t\t\t\t\t\t\t<div class=\"elementor-spacer\">\n\t\t\t<div class=\"elementor-spacer-inner\"><\/div>\n\t\t<\/div>\n\t\t\t\t\t\t<\/div>\n\t\t\t\t<\/div>\n\t\t\t\t\t<\/div>\n\t\t<\/div>\n\t\t\t\t\t<\/div>\n\t\t<\/section>\n\t\t\t\t<section class=\"elementor-section elementor-top-section elementor-element elementor-element-46c0dbb0 elementor-section-full_width elementor-section-height-default elementor-section-height-default\" data-id=\"46c0dbb0\" data-element_type=\"section\" data-e-type=\"section\">\n\t\t\t\t\t\t<div class=\"elementor-container elementor-column-gap-default\">\n\t\t\t\t\t<div class=\"elementor-column elementor-col-100 elementor-top-column elementor-element elementor-element-7089ad11\" data-id=\"7089ad11\" data-element_type=\"column\" data-e-type=\"column\">\n\t\t\t<div class=\"elementor-widget-wrap elementor-element-populated\">\n\t\t\t\t\t\t<div class=\"elementor-element elementor-element-5d133117 post-navigation-link-posts-text raven-post-navigation-type-standard elementor-widget elementor-widget-raven-post-navigation\" data-id=\"5d133117\" data-element_type=\"widget\" data-e-type=\"widget\" data-widget_type=\"raven-post-navigation.default\">\n\t\t\t\t<div class=\"elementor-widget-container\">\n\t\t\t\t\t\t\t<div class=\"raven-post-navigation\">\n\t\t\t<a href=\"https:\/\/pilgerherberge-sg.ch\/fr\/swiss-camino\/\" rel=\"prev\"><div class=\"raven-post-navigation-previous-post raven-post-navigation-content-wrapper\"><span class=\"raven-post-navigation-prev-arrow raven-post-navigation-arrow\"><i class=\"fas fa-chevron-left\"><\/i><\/span><div class=\"raven-post-navigation-previous-post-content raven-post-navigation-next-previous-content\"> <div class=\"raven-post-navigation-title-wrapper\"><span class=\"raven-post-navigation-prev-label raven-post-navigation-label\">VORHERIGER BEITRAG<\/span> <\/div><\/div><\/div><\/a>\t\t<div class=\"raven-post-navigation-all-posts-wrapper\">\n\t\t\t<span class=\"raven-post-navigation-all-posts raven-post-navigation-all-posts-text\">\u00dcbersicht<\/span>\t\t<\/div>\n\t\t<a href=\"https:\/\/pilgerherberge-sg.ch\/fr\/viajacobi23\/\" rel=\"next\"><div class=\"raven-post-navigation-next-post raven-post-navigation-content-wrapper\"><span class=\"raven-post-navigation-next-arrow raven-post-navigation-arrow\"><i class=\"fas fa-chevron-right\"><\/i><\/span><div class=\"raven-post-navigation-next-post-content raven-post-navigation-next-previous-content\"> <div class=\"raven-post-navigation-title-wrapper\"><span class=\"raven-post-navigation-next-label raven-post-navigation-label\">N\u00c4CHSTER BEITRAG <\/span> <\/div><\/div><\/div><\/a>\t\t<\/div>\n\t\t\t\t\t\t<\/div>\n\t\t\t\t<\/div>\n\t\t\t\t<div class=\"elementor-element elementor-element-60ffdba8 elementor-widget elementor-widget-spacer\" data-id=\"60ffdba8\" data-element_type=\"widget\" data-e-type=\"widget\" data-widget_type=\"spacer.default\">\n\t\t\t\t<div class=\"elementor-widget-container\">\n\t\t\t\t\t\t\t<div class=\"elementor-spacer\">\n\t\t\t<div class=\"elementor-spacer-inner\"><\/div>\n\t\t<\/div>\n\t\t\t\t\t\t<\/div>\n\t\t\t\t<\/div>\n\t\t\t\t\t<\/div>\n\t\t<\/div>\n\t\t\t\t\t<\/div>\n\t\t<\/section>\n\t\t\t\t<\/div>\n\t\t","protected":false},"excerpt":{"rendered":"<p>Nach einem heftigen Regenschauer begann die 15. HV um halb acht mit einem fast vollen Saal. Ca. 50 Personen waren versammelt, um die \u00fcblichen Traktanden zu behandeln.<\/p>\n","protected":false},"author":1,"featured_media":5199,"comment_status":"closed","ping_status":"closed","sticky":false,"template":"elementor_header_footer","format":"standard","meta":{"_acf_changed":false,"footnotes":""},"categories":[141],"tags":[],"class_list":["post-5189","post","type-post","status-publish","format-standard","has-post-thumbnail","hentry","category-archiv"],"acf":[],"_links":{"self":[{"href":"https:\/\/pilgerherberge-sg.ch\/fr\/wp-json\/wp\/v2\/posts\/5189","targetHints":{"allow":["GET"]}}],"collection":[{"href":"https:\/\/pilgerherberge-sg.ch\/fr\/wp-json\/wp\/v2\/posts"}],"about":[{"href":"https:\/\/pilgerherberge-sg.ch\/fr\/wp-json\/wp\/v2\/types\/post"}],"author":[{"embeddable":true,"href":"https:\/\/pilgerherberge-sg.ch\/fr\/wp-json\/wp\/v2\/users\/1"}],"replies":[{"embeddable":true,"href":"https:\/\/pilgerherberge-sg.ch\/fr\/wp-json\/wp\/v2\/comments?post=5189"}],"version-history":[{"count":19,"href":"https:\/\/pilgerherberge-sg.ch\/fr\/wp-json\/wp\/v2\/posts\/5189\/revisions"}],"predecessor-version":[{"id":6789,"href":"https:\/\/pilgerherberge-sg.ch\/fr\/wp-json\/wp\/v2\/posts\/5189\/revisions\/6789"}],"wp:featuredmedia":[{"embeddable":true,"href":"https:\/\/pilgerherberge-sg.ch\/fr\/wp-json\/wp\/v2\/media\/5199"}],"wp:attachment":[{"href":"https:\/\/pilgerherberge-sg.ch\/fr\/wp-json\/wp\/v2\/media?parent=5189"}],"wp:term":[{"taxonomy":"category","embeddable":true,"href":"https:\/\/pilgerherberge-sg.ch\/fr\/wp-json\/wp\/v2\/categories?post=5189"},{"taxonomy":"post_tag","embeddable":true,"href":"https:\/\/pilgerherberge-sg.ch\/fr\/wp-json\/wp\/v2\/tags?post=5189"}],"curies":[{"name":"wp","href":"https:\/\/api.w.org\/{rel}","templated":true}]}}